{"id":3355,"date":"2021-12-01T08:20:00","date_gmt":"2021-12-01T11:20:00","guid":{"rendered":"https:\/\/www.semanariolocal.cl\/?p=3355"},"modified":"2021-12-01T12:16:45","modified_gmt":"2021-12-01T15:16:45","slug":"atletas-y-basquetbolistas-regionales-brillan-en-juegos-de-la-araucania-2021-en-valdivia","status":"publish","type":"post","link":"https:\/\/www.semanariolocal.cl\/?p=3355","title":{"rendered":"Atletas y basquetbolistas regionales brillan en Juegos de la Araucan\u00eda 2021 en Valdivia"},"content":{"rendered":"\n<p style=\"font-size:17px\">Las deportistas que lograron el primer lugar en sus pruebas fueron Laura Bustamante del Club Atl\u00e9tico Gerardo Manzanares de Osorno en los 400 metros vallas, con un tiempo de 1:08.71 y tambi\u00e9n en los 400 metros planos, con 1:01,82; Mariana Garc\u00eda de Puerto Varas en Salto Triple, con un registro de 10,87 metros y en el relevo 4X100, integrado por las osorninas,&nbsp;Katherine Hornig y Carolina Scheihing y las puertomontinas, Arami Fuenzalida y Paulina Almarza, con un tiempo de 51,72.<\/p>\n\n\n\n<p style=\"font-size:17px\">Mientras que las medallas de plata fueron para Arami Fuenzalida en los 400 metros vallas, con un tiempo de 1:10,71 y Paulina Almarza en los 100 metros planos, con un registro de 13,25.<\/p>\n\n\n\n<p style=\"font-size:17px\">En tanto, el equipo de b\u00e1squetbol varones gan\u00f3 los dos partidos disputados&nbsp;en el Coliseo Municipal de Valdivia, venciendo a&nbsp;la&nbsp;Regi\u00f3n de \u00d1uble por 102 a 29 puntos y a Ays\u00e9n por 102 a 48 tantos.<\/p>\n\n\n\n<p style=\"font-size:17px\">El Seremi del Deporte, Claus Lindemann, felicit\u00f3 a los deportistas de la regi\u00f3n por el buen desempe\u00f1o logrado durante el primer d\u00eda de competencia, mencionando que \u201cestamos muy contentos con los buenos resultados obtenidos por las atletas de nuestra regi\u00f3n y los basquetbolistas en este certamen, que re\u00fane a j\u00f3venes de 15 a 19 a\u00f1os de las regiones chilenas de \u00d1uble, B\u00edo B\u00edo, Araucan\u00eda, Los R\u00edos, Los Lagos, Ays\u00e9n y Magallanes, en estos Juegos de la Araucan\u00eda Chile 2021, que se efectuar\u00e1n hasta el s\u00e1bado 04 de diciembre en Valdivia, que esperamos sigan destacando y conquistando m\u00e1s triunfos en las siguientes competencias\u201d.<\/p>\n","protected":false},"excerpt":{"rendered":"<p>Cuatro medallas de oro y dos de plata consiguieron las atletas en el primer d\u00eda de competencia en los Juegos de la Araucan\u00eda Chile 2021, que se realizan en el Estadio Parque Municipal de Valdivia.<\/p>\n","protected":false},"author":1,"featured_media":3356,"comment_status":"closed","ping_status":"closed","sticky":false,"template":"","format":"standard","meta":{"footnotes":""},"categories":[3],"tags":[],"class_list":["post-3355","post","type-post","status-publish","format-standard","has-post-thumbnail","hentry","category-al-dia"],"_links":{"self":[{"href":"https:\/\/www.semanariolocal.cl\/index.php?rest_route=\/wp\/v2\/posts\/3355","targetHints":{"allow":["GET"]}}],"collection":[{"href":"https:\/\/www.semanariolocal.cl\/index.php?rest_route=\/wp\/v2\/posts"}],"about":[{"href":"https:\/\/www.semanariolocal.cl\/index.php?rest_route=\/wp\/v2\/types\/post"}],"author":[{"embeddable":true,"href":"https:\/\/www.semanariolocal.cl\/index.php?rest_route=\/wp\/v2\/users\/1"}],"replies":[{"embeddable":true,"href":"https:\/\/www.semanariolocal.cl\/index.php?rest_route=%2Fwp%2Fv2%2Fcomments&post=3355"}],"version-history":[{"count":1,"href":"https:\/\/www.semanariolocal.cl\/index.php?rest_route=\/wp\/v2\/posts\/3355\/revisions"}],"predecessor-version":[{"id":3357,"href":"https:\/\/www.semanariolocal.cl\/index.php?rest_route=\/wp\/v2\/posts\/3355\/revisions\/3357"}],"wp:featuredmedia":[{"embeddable":true,"href":"https:\/\/www.semanariolocal.cl\/index.php?rest_route=\/wp\/v2\/media\/3356"}],"wp:attachment":[{"href":"https:\/\/www.semanariolocal.cl\/index.php?rest_route=%2Fwp%2Fv2%2Fmedia&parent=3355"}],"wp:term":[{"taxonomy":"category","embeddable":true,"href":"https:\/\/www.semanariolocal.cl\/index.php?rest_route=%2Fwp%2Fv2%2Fcategories&post=3355"},{"taxonomy":"post_tag","embeddable":true,"href":"https:\/\/www.semanariolocal.cl\/index.php?rest_route=%2Fwp%2Fv2%2Ftags&post=3355"}],"curies":[{"name":"wp","href":"https:\/\/api.w.org\/{rel}","templated":true}]}}