{"id":33547,"date":"2026-03-08T15:32:00","date_gmt":"2026-03-08T18:32:00","guid":{"rendered":"https:\/\/www.semanariolocal.cl\/?p=33547"},"modified":"2026-03-10T11:49:03","modified_gmt":"2026-03-10T14:49:03","slug":"estres-postraumatico-el-impacto-psicologico-por-explosion-en-renca","status":"publish","type":"post","link":"https:\/\/www.semanariolocal.cl\/?p=33547","title":{"rendered":"Estr\u00e9s postraum\u00e1tico: el impacto psicol\u00f3gico por explosi\u00f3n en Renca"},"content":{"rendered":"\n<p><strong><mark style=\"background-color:#abb8c3\" class=\"has-inline-color has-white-color\">08 de Mrazo del 2026.-<\/mark><\/strong> Este tipo de eventos tambi\u00e9n posee una dimensi\u00f3n psicol\u00f3gica que suele quedar en segundo plano, pese a que sus efectos pueden extenderse mucho m\u00e1s all\u00e1 de quienes estuvieron f\u00edsicamente presentes.<\/p>\n\n\n\n<p>Desde la psicolog\u00eda cl\u00ednica y la salud mental, existe consenso en que las experiencias potencialmente traum\u00e1ticas no se limitan exclusivamente a la vivencia directa del suceso. La exposici\u00f3n puede ocurrir tambi\u00e9n al presenciar el evento, al conocerlo de manera cercana o al enfrentarse de forma reiterada a im\u00e1genes y relatos altamente impactantes. En una sociedad medi\u00e1ticamente hiperconectada, esta distinci\u00f3n resulta fundamental: un hecho localizado puede transformarse r\u00e1pidamente en una experiencia emocional colectiva.<\/p>\n\n\n\n<p>Las im\u00e1genes difundidas durante las primeras horas posteriores al accidente \u2014explosiones, personas heridas, escenas de caos\u2014 no solo informan; tambi\u00e9n generan impacto psicol\u00f3gico en aquellos que las ven. El cerebro humano responde a las se\u00f1ales de amenaza incluso cuando estas son observadas a distancia. Por ello, no es extra\u00f1o que muchas personas sobre todo ni\u00f1os y ni\u00f1as reporten, tras este tipo de acontecimientos, sensaciones de inseguridad, miedo, aumento de la ansiedad, dificultades para dormir o una mayor preocupaci\u00f3n por la propia vulnerabilidad y la de sus familias.<\/p>\n\n\n\n<p>Es importante precisar que estas reacciones iniciales no constituyen necesariamente un trastorno psicol\u00f3gico. Desde una perspectiva cl\u00ednica, corresponden a respuestas esperables frente a situaciones excepcionales. Sin embargo, cuando los s\u00edntomas persisten en el tiempo, se intensifican o interfieren de manera significativa con la vida cotidiana, puede aparecer un cuadro cl\u00ednico m\u00e1s complejo, como el Trastorno de Estr\u00e9s Postraum\u00e1tico (TEPT). Este trastorno se caracteriza por la presencia de recuerdos intrusivos, evitaci\u00f3n de est\u00edmulos asociados al evento, alteraciones del estado de \u00e1nimo y un estado persistente de hiperactivaci\u00f3n fisiol\u00f3gica, afectando el funcionamiento personal, social y laboral.<\/p>\n\n\n\n<p>En el caso de las personas directamente afectadas \u2014sobrevivientes, testigos presenciales, equipos de emergencia o familiares\u2014 la evidencia indica que el apoyo temprano, la contenci\u00f3n emocional, social y la informaci\u00f3n clara act\u00faan como factores protectores relevantes. La intervenci\u00f3n inicial no deber\u00eda centrarse en etiquetar ni patologizar, sino en facilitar procesos naturales de recuperaci\u00f3n y en identificar oportunamente a quienes podr\u00edan evolucionar hacia cuadros m\u00e1s persistentes, como el TEPT u otras dificultades relacionadas con el estr\u00e9s traum\u00e1tico.<\/p>\n\n\n\n<p>Sin embargo, existe un fen\u00f3meno que merece especial atenci\u00f3n en el contexto actual: el impacto psicol\u00f3gico indirecto o vicario. La exposici\u00f3n repetida a contenidos visuales de alta intensidad tales como este accidente o los acontecimientos acaecidos recientemente en M\u00e9xico, pueden generar una percepci\u00f3n amplificada de amenaza colectiva. Diversas investigaciones en psicolog\u00eda del trauma han mostrado que la repetici\u00f3n constante de im\u00e1genes cr\u00edticas incrementa la activaci\u00f3n emocional y puede contribuir a estados de ansiedad social transitoria, especialmente en ni\u00f1os, adolescentes y personas con antecedentes de vulnerabilidad psicol\u00f3gica.<\/p>\n\n\n\n<p>Esto plantea una reflexi\u00f3n necesaria sobre el rol de los medios de comunicaci\u00f3n y del ecosistema digital. Informar es indispensable, pero tambi\u00e9n lo es considerar que la forma y la frecuencia con que se presentan ciertos contenidos tiene efectos concretos sobre la salud mental de la poblaci\u00f3n. El desaf\u00edo no es restringir la informaci\u00f3n, sino equilibrar el derecho a conocer con la responsabilidad de evitar una exposici\u00f3n innecesariamente intensa al sufrimiento humano.<\/p>\n\n\n\n<p>Las tragedias colectivas ponen a prueba no solo los sistemas de emergencia y la infraestructura, sino tambi\u00e9n la capacidad de una sociedad para procesar emocionalmente lo ocurrido. En ese sentido, la salud mental no puede seguir siendo entendida como un asunto exclusivamente individual o cl\u00ednico. Existe una dimensi\u00f3n comunitaria del trauma que influye en la percepci\u00f3n de seguridad, en la confianza social y en la forma en que las personas interpretan el riesgo en su vida cotidiana.<\/p>\n\n\n\n<p>Probablemente, una de las lecciones m\u00e1s relevantes que deja este tipo de eventos es que el impacto psicol\u00f3gico no siempre es visible. No aparece en los primeros balances ni en las cifras iniciales, pero puede permanecer en la experiencia subjetiva de las personas mucho despu\u00e9s de que la emergencia ha terminado. Reconocer esta dimensi\u00f3n no implica dramatizar, sino comprender que la salud mental colectiva constituye un componente esencial de la respuesta social frente a una crisis.<\/p>\n\n\n\n<p>Si aspiramos a una sociedad m\u00e1s preparada ante eventos cr\u00edticos, debemos asumir que el bienestar psicol\u00f3gico no es una consecuencia secundaria, sino una parte central de c\u00f3mo enfrentamos y elaboramos las tragedias que nos afectan como comunidad.<\/p>\n\n\n\n<p><strong>Jonathan Mart\u00ednez L\u00edbano, psic\u00f3logo y director del Magister en Educaci\u00f3n Emocional y Convivencia Escolar UNAB<\/strong><\/p>\n","protected":false},"excerpt":{"rendered":"<p>En raz\u00f3n de los acontecimientos ocurridos tras el accidente del cami\u00f3n de gas y la posterior explosi\u00f3n que conmocion\u00f3 al pa\u00eds, resulta necesario ampliar la conversaci\u00f3n m\u00e1s all\u00e1 de las consecuencias materiales y de la investigaci\u00f3n t\u00e9cnica de sus causas. <\/p>\n","protected":false},"author":1,"featured_media":33548,"comment_status":"closed","ping_status":"closed","sticky":false,"template":"","format":"standard","meta":{"footnotes":""},"categories":[3302,3,4396,3265,4556],"tags":[2118,337,273,247,133],"class_list":["post-33547","post","type-post","status-publish","format-standard","has-post-thumbnail","hentry","category-academia","category-al-dia","category-especialista","category-psicologia","category-salud-mental","tag-semanariolocal","tag-informacion","tag-noticias","tag-region-de-los-lagos","tag-semanario-local"],"_links":{"self":[{"href":"https:\/\/www.semanariolocal.cl\/index.php?rest_route=\/wp\/v2\/posts\/33547","targetHints":{"allow":["GET"]}}],"collection":[{"href":"https:\/\/www.semanariolocal.cl\/index.php?rest_route=\/wp\/v2\/posts"}],"about":[{"href":"https:\/\/www.semanariolocal.cl\/index.php?rest_route=\/wp\/v2\/types\/post"}],"author":[{"embeddable":true,"href":"https:\/\/www.semanariolocal.cl\/index.php?rest_route=\/wp\/v2\/users\/1"}],"replies":[{"embeddable":true,"href":"https:\/\/www.semanariolocal.cl\/index.php?rest_route=%2Fwp%2Fv2%2Fcomments&post=33547"}],"version-history":[{"count":1,"href":"https:\/\/www.semanariolocal.cl\/index.php?rest_route=\/wp\/v2\/posts\/33547\/revisions"}],"predecessor-version":[{"id":33549,"href":"https:\/\/www.semanariolocal.cl\/index.php?rest_route=\/wp\/v2\/posts\/33547\/revisions\/33549"}],"wp:featuredmedia":[{"embeddable":true,"href":"https:\/\/www.semanariolocal.cl\/index.php?rest_route=\/wp\/v2\/media\/33548"}],"wp:attachment":[{"href":"https:\/\/www.semanariolocal.cl\/index.php?rest_route=%2Fwp%2Fv2%2Fmedia&parent=33547"}],"wp:term":[{"taxonomy":"category","embeddable":true,"href":"https:\/\/www.semanariolocal.cl\/index.php?rest_route=%2Fwp%2Fv2%2Fcategories&post=33547"},{"taxonomy":"post_tag","embeddable":true,"href":"https:\/\/www.semanariolocal.cl\/index.php?rest_route=%2Fwp%2Fv2%2Ftags&post=33547"}],"curies":[{"name":"wp","href":"https:\/\/api.w.org\/{rel}","templated":true}]}}