{"id":33538,"date":"2026-03-09T16:54:00","date_gmt":"2026-03-09T19:54:00","guid":{"rendered":"https:\/\/www.semanariolocal.cl\/?p=33538"},"modified":"2026-03-10T09:59:33","modified_gmt":"2026-03-10T12:59:33","slug":"fenomeno-de-los-therians-puede-el-cuerpo-adaptarse-a-movimiento-cuadrupedo","status":"publish","type":"post","link":"https:\/\/www.semanariolocal.cl\/?p=33538","title":{"rendered":"Fen\u00f3meno de los therians \u00bfPuede el cuerpo adaptarse a movimiento cuadr\u00fapedo?"},"content":{"rendered":"\n<p><strong><mark style=\"background-color:#abb8c3\" class=\"has-inline-color has-white-color\">09 de Marzo del 2026.- <\/mark><\/strong> En el \u00faltimo tiempo el t\u00e9rmino \u201ctherian\u201d ha ganado visibilidad, especialmente en redes sociales. Se trata de personas que se identifican espiritual o simb\u00f3licamente con animales y que, en algunos casos, adoptan conductas asociadas a ello, como caminar o desplazarse en cuatro patas. M\u00e1s all\u00e1 de lo identitario, este tipo de movimiento ha abierto un debate desde la salud f\u00edsica, particularmente en relaci\u00f3n con los posibles efectos en el sistema musculoesquel\u00e9tico.<\/p>\n\n\n\n<p>Desde una perspectiva educativa y musculoesquel\u00e9tica, el acad\u00e9mico de Kinesiolog\u00eda de la UST, sede Santiago, Dr. Mat\u00edas Henr\u00edquez, explica \u00abel cuerpo humano est\u00e1 biomec\u00e1nicamente adaptado para la locomoci\u00f3n b\u00edpeda. Esto significa que nuestras articulaciones, la distribuci\u00f3n de cargas y el control muscular est\u00e1n dise\u00f1ados principalmente para desplazarnos sobre las extremidades inferiores\u00bb.<\/p>\n\n\n\n<p>En ese sentido, advierte que \u00abcuando una persona se moviliza en cuatro apoyos durante per\u00edodos prolongados, estructuras que habitualmente no soportan carga sostenida como mu\u00f1ecas y hombros comienzan a recibir fuerzas compresivas y de cizalla elevadas. Esto puede generar sobrecarga articular y muscular\u00bb. Por ejemplo, \u00ablas mu\u00f1ecas pueden experimentar altos niveles de estr\u00e9s mec\u00e1nico, los hombros aumentan su demanda de estabilidad, la columna adopta posiciones mantenidas y las rodillas pueden verse expuestas a presi\u00f3n directa y fricci\u00f3n prolongada contra el suelo, lo que podr\u00eda causar da\u00f1o permanente\u201d.<\/p>\n\n\n\n<p>Sobre los efectos a corto y mediano plazo, Henr\u00edquez se\u00f1ala que \u00abaunque personas j\u00f3venes suelen tolerar mejor las cargas f\u00edsicas, la repetici\u00f3n frecuente de patrones no habituales puede favorecer lesiones por sobreuso. Entre las m\u00e1s probables se encuentran tendinopat\u00edas de mu\u00f1eca y hombro, dolor patelofemoral, irritaciones bursales, sobrecarga lumbar y molestias cervicales asociadas a la posici\u00f3n mantenida de la cabeza durante el desplazamiento\u00bb.<\/p>\n\n\n\n<p>El Dr. Henr\u00edquez tambi\u00e9n enfatiza que \u00abel principal riesgo no suele ser una lesi\u00f3n aguda inmediata, sino la acumulaci\u00f3n progresiva de microtraumatismos derivados de cargas repetidas sin suficiente adaptaci\u00f3n estructural. El sistema musculoesquel\u00e9tico humano posee una importante capacidad de adaptaci\u00f3n, y los movimientos cuadr\u00fapedos incluso se utilizan en contextos de rehabilitaci\u00f3n, entrenamiento funcional y desarrollo motor infantil. Sin embargo, en estos casos se aplican de manera controlada, por tiempos limitados y con objetivos terap\u00e9uticos espec\u00edficos\u00bb.<\/p>\n\n\n\n<p>\u00abCuando este patr\u00f3n se realiza de forma repetitiva y sostenida, es probable que aumente el riesgo de sobrecarga musculoesquel\u00e9tica a mediano y largo plazo, debido a que se exige a ciertas estructuras anat\u00f3micas funciones de carga para las cuales no est\u00e1n principalmente dise\u00f1adas\u00bb, concluye el experto.<\/p>\n","protected":false},"excerpt":{"rendered":"<p>Kinesi\u00f3logo advierte que el cuerpo humano no est\u00e1 dise\u00f1ado para la locomoci\u00f3n cuadr\u00fapeda sostenida y que su pr\u00e1ctica repetitiva puede generar sobrecarga articular y lesiones musculoesquel\u00e9ticas a mediano y largo plazo, especialmente, en mu\u00f1ecas, hombros, columna y rodillas<\/p>\n","protected":false},"author":1,"featured_media":33539,"comment_status":"closed","ping_status":"closed","sticky":false,"template":"","format":"standard","meta":{"footnotes":""},"categories":[3,11,4603,4395],"tags":[2118,337,273,247,133],"class_list":["post-33538","post","type-post","status-publish","format-standard","has-post-thumbnail","hentry","category-al-dia","category-educacion","category-medicina-y-salud","category-sociedad","tag-semanariolocal","tag-informacion","tag-noticias","tag-region-de-los-lagos","tag-semanario-local"],"_links":{"self":[{"href":"https:\/\/www.semanariolocal.cl\/index.php?rest_route=\/wp\/v2\/posts\/33538","targetHints":{"allow":["GET"]}}],"collection":[{"href":"https:\/\/www.semanariolocal.cl\/index.php?rest_route=\/wp\/v2\/posts"}],"about":[{"href":"https:\/\/www.semanariolocal.cl\/index.php?rest_route=\/wp\/v2\/types\/post"}],"author":[{"embeddable":true,"href":"https:\/\/www.semanariolocal.cl\/index.php?rest_route=\/wp\/v2\/users\/1"}],"replies":[{"embeddable":true,"href":"https:\/\/www.semanariolocal.cl\/index.php?rest_route=%2Fwp%2Fv2%2Fcomments&post=33538"}],"version-history":[{"count":1,"href":"https:\/\/www.semanariolocal.cl\/index.php?rest_route=\/wp\/v2\/posts\/33538\/revisions"}],"predecessor-version":[{"id":33540,"href":"https:\/\/www.semanariolocal.cl\/index.php?rest_route=\/wp\/v2\/posts\/33538\/revisions\/33540"}],"wp:featuredmedia":[{"embeddable":true,"href":"https:\/\/www.semanariolocal.cl\/index.php?rest_route=\/wp\/v2\/media\/33539"}],"wp:attachment":[{"href":"https:\/\/www.semanariolocal.cl\/index.php?rest_route=%2Fwp%2Fv2%2Fmedia&parent=33538"}],"wp:term":[{"taxonomy":"category","embeddable":true,"href":"https:\/\/www.semanariolocal.cl\/index.php?rest_route=%2Fwp%2Fv2%2Fcategories&post=33538"},{"taxonomy":"post_tag","embeddable":true,"href":"https:\/\/www.semanariolocal.cl\/index.php?rest_route=%2Fwp%2Fv2%2Ftags&post=33538"}],"curies":[{"name":"wp","href":"https:\/\/api.w.org\/{rel}","templated":true}]}}