{"id":33535,"date":"2026-03-09T10:40:00","date_gmt":"2026-03-09T13:40:00","guid":{"rendered":"https:\/\/www.semanariolocal.cl\/?p=33535"},"modified":"2026-03-09T22:43:10","modified_gmt":"2026-03-10T01:43:10","slug":"fondos-cultura-2026-destinan-mas-de-2-246-millones-en-la-region-de-los-lagos","status":"publish","type":"post","link":"https:\/\/www.semanariolocal.cl\/?p=33535","title":{"rendered":"Fondos Cultura 2026 destinan m\u00e1s de $2.246 millones en la Regi\u00f3n de Los Lagos"},"content":{"rendered":"\n<p><strong><mark style=\"background-color:#abb8c3\" class=\"has-inline-color has-white-color\">09 de marzo del 2026.- <\/mark><\/strong> En una ceremonia realizada este lunes en la Sala Mafalda Mora de la Corporaci\u00f3n Cultural de Puerto Montt, la Seremi de las Culturas, las Artes y el Patrimonio de la Regi\u00f3n de Los Lagos, Ana Mar\u00eda Santos Gonz\u00e1lez, junto al equipo de Fondos Concursables, encabez\u00f3 la Ceremonia de Certificaci\u00f3n de los Fondos Cultura 2026, instancia donde se reconoci\u00f3 a las y los responsables de los proyectos seleccionados en la regi\u00f3n. Durante la actividad, las y los beneficiarios compartieron con los presentes el objetivo de sus iniciativas e intercambiaron visiones respecto del desarrollo del arte y la cultura en la regi\u00f3n, destacando el impacto que tendr\u00e1n estos recursos en los distintos territorios.<\/p>\n\n\n\n<p>Con la publicaci\u00f3n de la segunda y \u00faltima entrega de resultados de los Fondos Cultura 2026, el Ministerio de las Culturas, las Artes y el Patrimonio concluy\u00f3 el proceso de adjudicaci\u00f3n correspondiente a las 44 l\u00edneas de financiamiento de esta convocatoria. En la Regi\u00f3n de Los Lagos, considerando la primera entrega (diciembre de 2025) y la segunda (enero de 2026), se asignaron $2.246.045.590 para la realizaci\u00f3n de 132 proyectos en las provincias de Llanquihue, Chilo\u00e9, Osorno y Palena.<\/p>\n\n\n\n<p>Ana Mar\u00eda Santos, la Seremi de las Culturas, las Artes y el Patrimonio de la Regi\u00f3n de Los Lagos, se\u00f1al\u00f3 que: \u00abLa asignaci\u00f3n de m\u00e1s de 2.246 millones de pesos para el desarrollo de 132 proyectos en nuestra regi\u00f3n y el aumento de presupuesto que ha habido en los \u00faltimos 4 a\u00f1os, son reflejo del compromiso de este gobierno con la descentralizaci\u00f3n y el fortalecimiento del ecosistema cultural. Estos recursos permiten dinamizar la creaci\u00f3n, generar empleo y ampliar el acceso de la ciudadan\u00eda a bienes y servicios culturales en todo el territorio regional\u00bb.<\/p>\n\n\n\n<p>La distribuci\u00f3n regional por provincia se present\u00f3 este a\u00f1o de la siguiente manera: Llanquihue: $1.130.505.347 destinados al desarrollo de 65 iniciativas. Chilo\u00e9: $791.394.174 para concretar 41 proyectos. Osorno: $265.752.686 orientados a la implementaci\u00f3n de 22 propuestas. Palena: $58.213.384 que permitir\u00e1n materializar 4 iniciativas. Estos resultados consolidan una cobertura efectiva en las cuatro provincias de la regi\u00f3n, fortaleciendo la descentralizaci\u00f3n y el acceso a la cultura en los distintos territorios. &nbsp;&nbsp;<\/p>\n\n\n\n<p>Respecto de la distribuci\u00f3n por fondos (totales de ambas entregas) se presenta: Fondo Audiovisual: $746.159.564 para el desarrollo de 16 proyectos. Fondart Regional: $466.088.894 destinados a impulsar 29 iniciativas. Fondo del Libro y la Lectura: $367.509.449 para financiar 35 proyectos. Fondo de las Artes Esc\u00e9nicas: $301.116.388 que respaldan 20 propuestas. Fondo de la M\u00fasica: $184.234.617 para la realizaci\u00f3n de 19 iniciativas. Fondart Nacional: $180.756.679 destinados a concretar 13 proyectos.<\/p>\n\n\n\n<p>Durante la ceremonia tambi\u00e9n se dieron a conocer algunas de las iniciativas que se desarrollar\u00e1n este a\u00f1o en la regi\u00f3n. Entre ellas destaca el largometraje de ficci\u00f3n \u201cSin soledad\u201d, proyecto en etapa de desarrollo liderado por la productora ejecutiva Fernanda Mansilla, que ser\u00e1 financiado por el Fondo Audiovisual y cuyo rodaje se proyecta para 2027. El m\u00fasico de Puerto Varas, Seba Barrientos, realizar\u00e1 su segundo disco solista titulado \u201cDesde aqu\u00ed\u201d, proyecto financiado por el Fondo de la M\u00fasica, cuya producci\u00f3n se desarrollar\u00e1 principalmente en la regi\u00f3n y estar\u00e1 inspirado en el paisaje, la cultura y la identidad del sur de Chile. En Osorno, el colectivo Yekant\u00fan, representado por Macarena Mercado, desarrollar\u00e1 \u201cAfluentes gr\u00e1ficos del Rahue\u201d, iniciativa que busca visibilizar las artes gr\u00e1ficas mediante conversatorios, masterclass, murales en vivo y una exposici\u00f3n final en la Pinacoteca de la ciudad. Por su parte, el Centro Cultural de Castro se adjudic\u00f3 un fondo de equipamiento que permitir\u00e1 mejorar su sistema de iluminaci\u00f3n esc\u00e9nica, fortaleciendo la programaci\u00f3n art\u00edstica y la recepci\u00f3n de espect\u00e1culos durante todo el a\u00f1o. Asimismo, el cineasta y docente Ignacio Ruiz realizar\u00e1 el cortometraje \u201cLa nieve me quem\u00f3 las manos\u201d, que se filmar\u00e1 en Antillanca y aborda tem\u00e1ticas relacionadas con los v\u00ednculos familiares y los procesos de reconciliaci\u00f3n. Finalmente, el proyecto \u201cExpresiones de una naturaleza sumergida\u201d, de Rodolfo Wiedmaier junto a la fot\u00f3grafa Claudia Wener, explorar\u00e1 los paisajes lacustres de la regi\u00f3n a trav\u00e9s de la fotograf\u00eda, proponiendo nuevas miradas sobre estos ecosistemas<\/p>\n\n\n\n<p>A nivel nacional, los Fondos Cultura 2026 destinar\u00e1n $43.755 millones para financiar 2.615 proyectos culturales, art\u00edsticos y patrimoniales en todo el pa\u00eds. Esta versi\u00f3n incorpora adem\u00e1s el nuevo Sistema de Gesti\u00f3n de Convenios (SIGEC), plataforma digital que permitir\u00e1 realizar de manera remota la firma y tramitaci\u00f3n de convenios, optimizando los procesos administrativos. El detalle de los resultados se encuentra disponible en <a href=\"http:\/\/www.fondosdecultura.cl\/resultados\">www.fondosdecultura.cl\/resultados<\/a>.<\/p>\n","protected":false},"excerpt":{"rendered":"<p>El Fondo Audiovisual concentra la mayor inversi\u00f3n regional, mientras que el Fondo del Libro y la Lectura registra el mayor n\u00famero de iniciativas seleccionadas en la regi\u00f3n.<\/p>\n","protected":false},"author":1,"featured_media":33536,"comment_status":"closed","ping_status":"closed","sticky":false,"template":"","format":"standard","meta":{"footnotes":""},"categories":[3,10,3608,9,4370],"tags":[2118,337,273,113,247,133],"class_list":["post-33535","post","type-post","status-publish","format-standard","has-post-thumbnail","hentry","category-al-dia","category-cultura","category-estado","category-gobierno","category-patrimonio-y-cultura","tag-semanariolocal","tag-informacion","tag-noticias","tag-puerto-montt","tag-region-de-los-lagos","tag-semanario-local"],"_links":{"self":[{"href":"https:\/\/www.semanariolocal.cl\/index.php?rest_route=\/wp\/v2\/posts\/33535","targetHints":{"allow":["GET"]}}],"collection":[{"href":"https:\/\/www.semanariolocal.cl\/index.php?rest_route=\/wp\/v2\/posts"}],"about":[{"href":"https:\/\/www.semanariolocal.cl\/index.php?rest_route=\/wp\/v2\/types\/post"}],"author":[{"embeddable":true,"href":"https:\/\/www.semanariolocal.cl\/index.php?rest_route=\/wp\/v2\/users\/1"}],"replies":[{"embeddable":true,"href":"https:\/\/www.semanariolocal.cl\/index.php?rest_route=%2Fwp%2Fv2%2Fcomments&post=33535"}],"version-history":[{"count":1,"href":"https:\/\/www.semanariolocal.cl\/index.php?rest_route=\/wp\/v2\/posts\/33535\/revisions"}],"predecessor-version":[{"id":33537,"href":"https:\/\/www.semanariolocal.cl\/index.php?rest_route=\/wp\/v2\/posts\/33535\/revisions\/33537"}],"wp:featuredmedia":[{"embeddable":true,"href":"https:\/\/www.semanariolocal.cl\/index.php?rest_route=\/wp\/v2\/media\/33536"}],"wp:attachment":[{"href":"https:\/\/www.semanariolocal.cl\/index.php?rest_route=%2Fwp%2Fv2%2Fmedia&parent=33535"}],"wp:term":[{"taxonomy":"category","embeddable":true,"href":"https:\/\/www.semanariolocal.cl\/index.php?rest_route=%2Fwp%2Fv2%2Fcategories&post=33535"},{"taxonomy":"post_tag","embeddable":true,"href":"https:\/\/www.semanariolocal.cl\/index.php?rest_route=%2Fwp%2Fv2%2Ftags&post=33535"}],"curies":[{"name":"wp","href":"https:\/\/api.w.org\/{rel}","templated":true}]}}