{"id":33531,"date":"2026-03-09T10:40:00","date_gmt":"2026-03-09T13:40:00","guid":{"rendered":"https:\/\/www.semanariolocal.cl\/?p=33531"},"modified":"2026-03-09T21:18:15","modified_gmt":"2026-03-10T00:18:15","slug":"camino-de-salida","status":"publish","type":"post","link":"https:\/\/www.semanariolocal.cl\/?p=33531","title":{"rendered":"Camino de salida"},"content":{"rendered":"\n<p><mark style=\"background-color:#abb8c3\" class=\"has-inline-color has-white-color\"><strong>09 de Marzo del 2026.-<\/strong> <\/mark>Las palabras de la presidenta de la Corte Suprema, Gloria Ana Chevesich, en su cuenta p\u00fablica, no dejaron a nadie indiferente. \u201cNos averg\u00fcenza, nos genera conmoci\u00f3n y dolor\u201d, dijo, en una frase breve, pero de enorme densidad institucional.<\/p>\n\n\n\n<p>Ese gesto tiene un valor que trasciende la contingencia. En cualquier manual de gesti\u00f3n pol\u00edtica se ense\u00f1a que el primer paso para superar una crisis es reconocerla. Y la presidenta del m\u00e1ximo tribunal dio una verdadera clase de nobleza y gallard\u00eda al reconocer los problemas que han azotado al Poder Judicial en el \u00faltimo tiempo.<\/p>\n\n\n\n<p>Pero la ministra Chevesich no se qued\u00f3 s\u00f3lo ah\u00ed. Adem\u00e1s de identificar la crisis, en su discurso dio luces sobre la necesidad de fortalecer est\u00e1ndares, revisar procedimientos y robustecer los mecanismos de control. En otras palabras, no se qued\u00f3 en la autocr\u00edtica simb\u00f3lica, sino que propuso abiertamente un camino de salida.<\/p>\n\n\n\n<p>Con todo, la tarea de revertir este cauce no recae exclusivamente en el Poder Judicial. Se requiere de un compromiso mancomunado, en el que participen tambi\u00e9n los otros poderes del Estado, e incluso la sociedad civil y la academia. S\u00f3lo as\u00ed podremos avanzar hacia un mayor est\u00e1ndar \u00e9tico en la administraci\u00f3n de justicia.<\/p>\n\n\n\n<p><strong>Abogado y Mag\u00edster en Sociolog\u00eda de la Universidad Cat\u00f3lica, M\u00e1ster en Gesti\u00f3n Pol\u00edtica de la George Washington University, USA, y Doctor (C) en Comunicaciones UC.<\/strong><\/p>\n","protected":false},"excerpt":{"rendered":"<p>El lunes 2 de marzo de 2026, la presidenta de la Corte Suprema, Sra. Gloria Ana Chevesich Ruiz, present\u00f3 su primera Cuenta P\u00fablica al frente del m\u00e1ximo tribunal.<\/p>\n","protected":false},"author":1,"featured_media":33532,"comment_status":"closed","ping_status":"closed","sticky":false,"template":"","format":"standard","meta":{"footnotes":""},"categories":[3,3579,3608,4838,7,6,4793],"tags":[2118,337,273,247,133],"class_list":["post-33531","post","type-post","status-publish","format-standard","has-post-thumbnail","hentry","category-al-dia","category-carta-al-director","category-estado","category-justicia","category-opinion","category-politica","category-tribunales","tag-semanariolocal","tag-informacion","tag-noticias","tag-region-de-los-lagos","tag-semanario-local"],"_links":{"self":[{"href":"https:\/\/www.semanariolocal.cl\/index.php?rest_route=\/wp\/v2\/posts\/33531","targetHints":{"allow":["GET"]}}],"collection":[{"href":"https:\/\/www.semanariolocal.cl\/index.php?rest_route=\/wp\/v2\/posts"}],"about":[{"href":"https:\/\/www.semanariolocal.cl\/index.php?rest_route=\/wp\/v2\/types\/post"}],"author":[{"embeddable":true,"href":"https:\/\/www.semanariolocal.cl\/index.php?rest_route=\/wp\/v2\/users\/1"}],"replies":[{"embeddable":true,"href":"https:\/\/www.semanariolocal.cl\/index.php?rest_route=%2Fwp%2Fv2%2Fcomments&post=33531"}],"version-history":[{"count":2,"href":"https:\/\/www.semanariolocal.cl\/index.php?rest_route=\/wp\/v2\/posts\/33531\/revisions"}],"predecessor-version":[{"id":33534,"href":"https:\/\/www.semanariolocal.cl\/index.php?rest_route=\/wp\/v2\/posts\/33531\/revisions\/33534"}],"wp:featuredmedia":[{"embeddable":true,"href":"https:\/\/www.semanariolocal.cl\/index.php?rest_route=\/wp\/v2\/media\/33532"}],"wp:attachment":[{"href":"https:\/\/www.semanariolocal.cl\/index.php?rest_route=%2Fwp%2Fv2%2Fmedia&parent=33531"}],"wp:term":[{"taxonomy":"category","embeddable":true,"href":"https:\/\/www.semanariolocal.cl\/index.php?rest_route=%2Fwp%2Fv2%2Fcategories&post=33531"},{"taxonomy":"post_tag","embeddable":true,"href":"https:\/\/www.semanariolocal.cl\/index.php?rest_route=%2Fwp%2Fv2%2Ftags&post=33531"}],"curies":[{"name":"wp","href":"https:\/\/api.w.org\/{rel}","templated":true}]}}