{"id":33527,"date":"2026-03-09T10:50:00","date_gmt":"2026-03-09T13:50:00","guid":{"rendered":"https:\/\/www.semanariolocal.cl\/?p=33527"},"modified":"2026-03-09T20:59:13","modified_gmt":"2026-03-09T23:59:13","slug":"gobernador-regional-encabezo-encuentro-con-mujeres-lideres-de-la-region","status":"publish","type":"post","link":"https:\/\/www.semanariolocal.cl\/?p=33527","title":{"rendered":"Gobernador Regional encabez\u00f3 encuentro con mujeres l\u00edderes de la Regi\u00f3n"},"content":{"rendered":"\n<p><strong><mark style=\"background-color:#abb8c3\" class=\"has-inline-color has-white-color\">09 de marzo del 2026.- <\/mark><\/strong> En el marco de la conmemoraci\u00f3n del D\u00eda Internacional de la Mujer, el gobernador regional de Los Lagos, Alejandro Santana Tirachini, junto al administrador regional Carlos Recondo, sostuvo un encuentro con mujeres l\u00edderes y emprendedoras provenientes de distintos puntos de la Regi\u00f3n de Los Lagos, instancia que permiti\u00f3 generar un espacio de di\u00e1logo, reflexi\u00f3n y proyecci\u00f3n sobre el rol de la mujer en el desarrollo regional.<\/p>\n\n\n\n<p>En la actividad participaron carabineras, representantes de pueblos originarios, deportistas, bomberas, emprendedoras del ecosistema startup, ingenieras, voluntarias de salud y dirigentas sociales, quienes compartieron sus experiencias y desaf\u00edos en sus respectivos \u00e1mbitos, aportando miradas diversas sobre las oportunidades y barreras que enfrentan las mujeres en el territorio.<\/p>\n\n\n\n<p>Durante el encuentro, el gobernador Alejandro Santana valor\u00f3 la instancia de conversaci\u00f3n y destac\u00f3 la importancia de fortalecer los espacios de participaci\u00f3n para construir mejores pol\u00edticas p\u00fablicas desde las comunidades.<\/p>\n\n\n\n<p>\u201cHoy tuvimos una tremenda conversaci\u00f3n con mujeres que representan distintas funciones y realidades de nuestra regi\u00f3n. Como Gobierno Regional hemos puesto a disposici\u00f3n nuestro apoyo y colaboraci\u00f3n, porque sabemos que a\u00fan existen barreras que debemos superar, entre ellas el acceso a la informaci\u00f3n sobre el trabajo que realizamos y c\u00f3mo podemos contribuir a las organizaciones\u201d, se\u00f1al\u00f3 la autoridad.<\/p>\n","protected":false},"excerpt":{"rendered":"<p>Durante el encuentro la autoridad  destac\u00f3 la importancia de fortalecer los espacios de participaci\u00f3n para construir mejores pol\u00edticas p\u00fablicas desde las comunidades.<\/p>\n","protected":false},"author":1,"featured_media":33528,"comment_status":"closed","ping_status":"closed","sticky":false,"template":"","format":"standard","meta":{"footnotes":""},"categories":[3,4419,2495,4717,6,3842],"tags":[2118,337,273,247,133],"class_list":["post-33527","post","type-post","status-publish","format-standard","has-post-thumbnail","hentry","category-al-dia","category-gobierno-regional","category-gore","category-mujer","category-politica","category-politicas-publicas","tag-semanariolocal","tag-informacion","tag-noticias","tag-region-de-los-lagos","tag-semanario-local"],"_links":{"self":[{"href":"https:\/\/www.semanariolocal.cl\/index.php?rest_route=\/wp\/v2\/posts\/33527","targetHints":{"allow":["GET"]}}],"collection":[{"href":"https:\/\/www.semanariolocal.cl\/index.php?rest_route=\/wp\/v2\/posts"}],"about":[{"href":"https:\/\/www.semanariolocal.cl\/index.php?rest_route=\/wp\/v2\/types\/post"}],"author":[{"embeddable":true,"href":"https:\/\/www.semanariolocal.cl\/index.php?rest_route=\/wp\/v2\/users\/1"}],"replies":[{"embeddable":true,"href":"https:\/\/www.semanariolocal.cl\/index.php?rest_route=%2Fwp%2Fv2%2Fcomments&post=33527"}],"version-history":[{"count":1,"href":"https:\/\/www.semanariolocal.cl\/index.php?rest_route=\/wp\/v2\/posts\/33527\/revisions"}],"predecessor-version":[{"id":33529,"href":"https:\/\/www.semanariolocal.cl\/index.php?rest_route=\/wp\/v2\/posts\/33527\/revisions\/33529"}],"wp:featuredmedia":[{"embeddable":true,"href":"https:\/\/www.semanariolocal.cl\/index.php?rest_route=\/wp\/v2\/media\/33528"}],"wp:attachment":[{"href":"https:\/\/www.semanariolocal.cl\/index.php?rest_route=%2Fwp%2Fv2%2Fmedia&parent=33527"}],"wp:term":[{"taxonomy":"category","embeddable":true,"href":"https:\/\/www.semanariolocal.cl\/index.php?rest_route=%2Fwp%2Fv2%2Fcategories&post=33527"},{"taxonomy":"post_tag","embeddable":true,"href":"https:\/\/www.semanariolocal.cl\/index.php?rest_route=%2Fwp%2Fv2%2Ftags&post=33527"}],"curies":[{"name":"wp","href":"https:\/\/api.w.org\/{rel}","templated":true}]}}