{"id":33524,"date":"2026-03-09T11:00:00","date_gmt":"2026-03-09T14:00:00","guid":{"rendered":"https:\/\/www.semanariolocal.cl\/?p=33524"},"modified":"2026-03-09T21:00:44","modified_gmt":"2026-03-10T00:00:44","slug":"junaeb-inicio-entrega-de-mas-de-cien-mil-sets-de-utiles-escolares-en-la-region","status":"publish","type":"post","link":"https:\/\/www.semanariolocal.cl\/?p=33524","title":{"rendered":"Junaeb inici\u00f3 entrega de m\u00e1s de cien mil sets de \u00fatiles escolares en la regi\u00f3n"},"content":{"rendered":"\n<p><strong><mark style=\"background-color:#abb8c3\" class=\"has-inline-color has-white-color\">09 de marzo de 2026.-<\/mark><\/strong> Con una ceremonia efectuada en la Escuela B\u00e1sica San Pablo, de la comuna del mismo nombre, la Junta Nacional de Auxilio Escolar y Becas (Junaeb) de Los Lagos, inici\u00f3 la entrega del Programa de \u00datiles Escolares (PUE), que este a\u00f1o beneficiar\u00e1 a 104.505 estudiantes de la regi\u00f3n con una inversi\u00f3n de $398 millones de pesos.<\/p>\n\n\n\n<p>En la actividad, el director regional V\u00edctor Nail, destac\u00f3 la importancia del beneficio como apoyo complementario a los elementos que solicitan regularmente las escuelas y que no requiere postulaci\u00f3n, ya que se otorga de manera directa a las y los estudiantes de preb\u00e1sica, b\u00e1sica, media, educaci\u00f3n especial y de adultos.<\/p>\n\n\n\n<p><em>\u201cComenzamos hoy y esperamos tener todo entregado antes del 10 de abril, para que ning\u00fan estudiante vea impedido el desarrollo de sus actividades acad\u00e9micas y educativas por no contar con los recursos suficientes. Con esta entrega oportuna fortalecemos el acceso a la educaci\u00f3n y aliviamos un poco la carga econ\u00f3mica de las familias, asegurando que cada estudiante comience el a\u00f1o escolar en igualdad de condiciones\u201d,<\/em> dijo Nail.<\/p>\n\n\n\n<p>A nivel nacional, los sets de \u00fatiles escolares se entregar\u00e1n al 100% de establecimientos p\u00fablicos y de forma focalizada en particulares subvencionados, lo que implica una coordinaci\u00f3n log\u00edstica de gran escala, con foco en la eficiencia y trazabilidad, especialmente al priorizar zonas afectadas por emergencias y regiones extremas.<\/p>\n\n\n\n<p>Los kits con productos de la Empresa Torre, incluyen cuadernos, calculadoras, goma, regla, l\u00e1piz grafito, block de dibujo, sacapuntas, entre otros elementos.&nbsp; A su vez, los cuadernos incluyen c\u00e1psulas y secciones sobre vida saludable, higiene personal, alimentaci\u00f3n segura, autocuidado f\u00edsico y mental, actividad f\u00edsica, descanso, educaci\u00f3n ambiental, h\u00e1bitos de sue\u00f1o, convivencia escolar y uso responsable de la TNE, entre otros contenidos.&nbsp;&nbsp;<\/p>\n\n\n\n<p>A ello se suma que para este a\u00f1o se estableci\u00f3 un \u00fanico set grupal denominado \u201cActividades Colectivas\u201d, que unifica los antiguos kits de artes y educaci\u00f3n inicial y se destina a estudiantes de educaci\u00f3n parvularia regular y especial. El cambio se dise\u00f1\u00f3 en conjunto con el Ministerio de Educaci\u00f3n para ajustar los materiales a las necesidades de la primera infancia y fomentar el trabajo grupal en aula.&nbsp;&nbsp;<\/p>\n","protected":false},"excerpt":{"rendered":"<p>Los kits con productos de la Empresa Torre, incluyen cuadernos, calculadoras, goma, regla, l\u00e1piz grafito, block de dibujo, sacapuntas, entre otros elementos.<\/p>\n","protected":false},"author":1,"featured_media":33530,"comment_status":"closed","ping_status":"closed","sticky":false,"template":"","format":"standard","meta":{"footnotes":""},"categories":[3,4586,11,9,6,2483],"tags":[2118,337,3130,273,247,133],"class_list":["post-33524","post","type-post","status-publish","format-standard","has-post-thumbnail","hentry","category-al-dia","category-direccion-regional","category-educacion","category-gobierno","category-politica","category-region","tag-semanariolocal","tag-informacion","tag-juaneb","tag-noticias","tag-region-de-los-lagos","tag-semanario-local"],"_links":{"self":[{"href":"https:\/\/www.semanariolocal.cl\/index.php?rest_route=\/wp\/v2\/posts\/33524","targetHints":{"allow":["GET"]}}],"collection":[{"href":"https:\/\/www.semanariolocal.cl\/index.php?rest_route=\/wp\/v2\/posts"}],"about":[{"href":"https:\/\/www.semanariolocal.cl\/index.php?rest_route=\/wp\/v2\/types\/post"}],"author":[{"embeddable":true,"href":"https:\/\/www.semanariolocal.cl\/index.php?rest_route=\/wp\/v2\/users\/1"}],"replies":[{"embeddable":true,"href":"https:\/\/www.semanariolocal.cl\/index.php?rest_route=%2Fwp%2Fv2%2Fcomments&post=33524"}],"version-history":[{"count":2,"href":"https:\/\/www.semanariolocal.cl\/index.php?rest_route=\/wp\/v2\/posts\/33524\/revisions"}],"predecessor-version":[{"id":33526,"href":"https:\/\/www.semanariolocal.cl\/index.php?rest_route=\/wp\/v2\/posts\/33524\/revisions\/33526"}],"wp:featuredmedia":[{"embeddable":true,"href":"https:\/\/www.semanariolocal.cl\/index.php?rest_route=\/wp\/v2\/media\/33530"}],"wp:attachment":[{"href":"https:\/\/www.semanariolocal.cl\/index.php?rest_route=%2Fwp%2Fv2%2Fmedia&parent=33524"}],"wp:term":[{"taxonomy":"category","embeddable":true,"href":"https:\/\/www.semanariolocal.cl\/index.php?rest_route=%2Fwp%2Fv2%2Fcategories&post=33524"},{"taxonomy":"post_tag","embeddable":true,"href":"https:\/\/www.semanariolocal.cl\/index.php?rest_route=%2Fwp%2Fv2%2Ftags&post=33524"}],"curies":[{"name":"wp","href":"https:\/\/api.w.org\/{rel}","templated":true}]}}