{"id":33518,"date":"2026-03-08T08:45:00","date_gmt":"2026-03-08T11:45:00","guid":{"rendered":"https:\/\/www.semanariolocal.cl\/?p=33518"},"modified":"2026-03-08T00:00:46","modified_gmt":"2026-03-08T03:00:46","slug":"mujer-ciencia-y-equidad-una-deuda-historica","status":"publish","type":"post","link":"https:\/\/www.semanariolocal.cl\/?p=33518","title":{"rendered":"Mujer, ciencia y equidad: una deuda hist\u00f3rica"},"content":{"rendered":"\n<p><strong><mark style=\"background-color:#abb8c3\" class=\"has-inline-color has-white-color\">08 de Marzo del 2026.-<\/mark><\/strong> En salud, y especialmente en oncolog\u00eda, la equidad no es una aspiraci\u00f3n \u00e9tica: es una condici\u00f3n del rigor cient\u00edfico. Durante d\u00e9cadas la medicina se bas\u00f3 principalmente en la evidencia cient\u00edfica en hombres, una herencia que todav\u00eda influye en c\u00f3mo investigamos y tratamos la enfermedad.<\/p>\n\n\n\n<p>Lejos de ser un juicio retr\u00f3grado esto es un hecho hist\u00f3rico. Hasta 1993 era com\u00fan que los ensayos cl\u00ednicos excluyeran a las mujeres. Se favorec\u00eda la participaci\u00f3n masculina para buscar la simplificaci\u00f3n de resultados, minimizar los riesgos fetales o la variabilidad hormonal. La suposici\u00f3n era que los datos recabados en\u00a0 hombres pod\u00edan aplicarse f\u00e1cilmente en las mujeres. Esta subrepresentaci\u00f3n dur\u00f3 a\u00f1os, hasta que la Ley de Revitalizaci\u00f3n de los Institutos Nacionales de Salud (NIH, por sus siglas en ingl\u00e9s) volvi\u00f3 obligatoria la inclusi\u00f3n de las mujeres en investigaciones con fondos p\u00fablicos.<\/p>\n\n\n\n<p>En la actualidad, las mujeres representan solo el 30% del total de pacientes en ensayos cl\u00ednicos de \u00e1reas no oncol\u00f3gicas y, si bien se ha observado un aumento de su participaci\u00f3n en estudios cl\u00ednicos oncol\u00f3gicos de 20 a 40% en promedio, el resultado sigue siendo un sesgo masculino persistente en la medicina basada en evidencia.<\/p>\n\n\n\n<p>Los impactos no son te\u00f3ricos. La evidencia muestra que las mujeres metabolizan ciertos&nbsp; medicamentos de manera diferente, tienen variabilidades inmunol\u00f3gicas y hormonales que afectan su respuesta al tratamiento y pueden presentar s\u00edntomas que no siempre corresponden con lo que muestran los estudios en hombres. En c\u00e1ncer, estudios recientes demostraron que las mujeres pueden tener mayores tasas de efectos secundarios graves frente a tratamientos como la inmunoterapia, con toxicidades que en algunos casos alcanza hasta un 49%.<\/p>\n\n\n\n<p>Estos datos no buscan generar alarma, sino subrayar un hecho esencial: para una medicina de precisi\u00f3n necesitamos evidencia representativa<em>. <\/em>La buena noticia es que el cambio se est\u00e1 produciendo. Hoy existe un amplio consenso respecto a que no hay un \u201cpaciente est\u00e1ndar\u201d, sino que cada persona posee atributos biol\u00f3gicos, gen\u00e9ticos, metab\u00f3licos y sociales propios que determinan la seguridad y eficacia de los procedimientos. Ya no es opcional usar el sexo y el g\u00e9nero como variables centrales, es parte del rigor cient\u00edfico.<\/p>\n\n\n\n<p>En el Centro de Investigaci\u00f3n e Innovaci\u00f3n en C\u00e1ncer de Fundaci\u00f3n Arturo L\u00f3pez P\u00e9rez (FALP) reconocemos la importancia de la precisi\u00f3n y de tomar en cuenta las diferencias para entregar un tratamiento personalizado. Es as\u00ed como, en un universo de 2.000 pacientes hist\u00f3ricos de los estudios cl\u00ednicos realizados por FALP, el 46% corresponde a hombres y el 44% a mujeres.<\/p>\n\n\n\n<p><br>Este 8 de marzo es un recordatorio importante de que la ciencia crece cuando escucha. De que corregir sesgos de g\u00e9nero hist\u00f3ricos es un requisito para hacer ciencia de excelencia y de que la oncolog\u00eda moderna es aquella que sabe que cada paciente \u2014mujer u hombre\u2014 merece tratamientos construidos sobre evidencia que los refleje. Al ampliar nuestra perspectiva, la medicina no pierde precisi\u00f3n: la gana. Y en esa precisi\u00f3n, m\u00e1s justa y humana, hay una profunda raz\u00f3n para la esperanza.<\/p>\n\n\n\n<p><strong>Dra. Evelyn Silva, gerente del Centro de Investigaci\u00f3n e Innovaci\u00f3n en C\u00e1ncer FALP<\/strong><\/p>\n","protected":false},"excerpt":{"rendered":"<p>\u201cDerechos, Justicia y Acci\u00f3n\u201d. Ese es el llamado del 8M de este a\u00f1o , fecha en la que se conmemora un nuevo D\u00eda Internacional de la Mujer y que invita a pensar la equidad m\u00e1s all\u00e1 de los discursos. <\/p>\n","protected":false},"author":1,"featured_media":33520,"comment_status":"closed","ping_status":"closed","sticky":false,"template":"","format":"standard","meta":{"footnotes":""},"categories":[3,2540,3843,4717,4395],"tags":[2118,4865,337,273,247,133],"class_list":["post-33518","post","type-post","status-publish","format-standard","has-post-thumbnail","hentry","category-al-dia","category-ciencia","category-derechos-sociales","category-mujer","category-sociedad","tag-semanariolocal","tag-dra-evelyn-silva","tag-informacion","tag-noticias","tag-region-de-los-lagos","tag-semanario-local"],"_links":{"self":[{"href":"https:\/\/www.semanariolocal.cl\/index.php?rest_route=\/wp\/v2\/posts\/33518","targetHints":{"allow":["GET"]}}],"collection":[{"href":"https:\/\/www.semanariolocal.cl\/index.php?rest_route=\/wp\/v2\/posts"}],"about":[{"href":"https:\/\/www.semanariolocal.cl\/index.php?rest_route=\/wp\/v2\/types\/post"}],"author":[{"embeddable":true,"href":"https:\/\/www.semanariolocal.cl\/index.php?rest_route=\/wp\/v2\/users\/1"}],"replies":[{"embeddable":true,"href":"https:\/\/www.semanariolocal.cl\/index.php?rest_route=%2Fwp%2Fv2%2Fcomments&post=33518"}],"version-history":[{"count":2,"href":"https:\/\/www.semanariolocal.cl\/index.php?rest_route=\/wp\/v2\/posts\/33518\/revisions"}],"predecessor-version":[{"id":33523,"href":"https:\/\/www.semanariolocal.cl\/index.php?rest_route=\/wp\/v2\/posts\/33518\/revisions\/33523"}],"wp:featuredmedia":[{"embeddable":true,"href":"https:\/\/www.semanariolocal.cl\/index.php?rest_route=\/wp\/v2\/media\/33520"}],"wp:attachment":[{"href":"https:\/\/www.semanariolocal.cl\/index.php?rest_route=%2Fwp%2Fv2%2Fmedia&parent=33518"}],"wp:term":[{"taxonomy":"category","embeddable":true,"href":"https:\/\/www.semanariolocal.cl\/index.php?rest_route=%2Fwp%2Fv2%2Fcategories&post=33518"},{"taxonomy":"post_tag","embeddable":true,"href":"https:\/\/www.semanariolocal.cl\/index.php?rest_route=%2Fwp%2Fv2%2Ftags&post=33518"}],"curies":[{"name":"wp","href":"https:\/\/api.w.org\/{rel}","templated":true}]}}