{"id":33512,"date":"2026-03-08T08:50:00","date_gmt":"2026-03-08T11:50:00","guid":{"rendered":"https:\/\/www.semanariolocal.cl\/?p=33512"},"modified":"2026-03-07T23:47:24","modified_gmt":"2026-03-08T02:47:24","slug":"el-proceso-creativo-estalla-con-el-lenguaje","status":"publish","type":"post","link":"https:\/\/www.semanariolocal.cl\/?p=33512","title":{"rendered":"El proceso creativo estalla con el lenguaje"},"content":{"rendered":"\n<p><strong><mark style=\"background-color:#abb8c3\" class=\"has-inline-color has-white-color\">08 de Marzo del 2026.- <\/mark><\/strong>Una idea se instala como un revoloteo, pero el artista se angustia al pensar si plasmar\u00e1 o no en plenitud toda su forma; as\u00ed como las escamas de las mariposas reflejan la luz en diversos colores, a medida que envejecen \u00e9stas se caen y revelan su transparencia. El mayor miedo es que ese estallido creativo dure como las ef\u00edmeras, esos insectos acu\u00e1ticos que viven un solo d\u00eda.<\/p>\n\n\n\n<p>Vincent Van Gogh recurr\u00eda a la escritura a trav\u00e9s de las cartas que enviaba a su hermano Theo, para contarle sobre su proceso creativo y tambi\u00e9n c\u00f3mo conviv\u00eda con la melancol\u00eda y el delirio. La narraci\u00f3n nos da a entender c\u00f3mo procesaba la realidad y lo m\u00e1s importante, c\u00f3mo atrapaba la luz, para enfocar la belleza del cielo, la cotidianeidad de los hombres y la forma en que extend\u00eda el amarillo y el azul, como ti\u00f1endo su profunda pena. A pesar de la depresi\u00f3n, el artista fue prol\u00edfico. Con el pincel exorcizaba su man\u00eda y con la solidez de las letras entregaba esta intimidad a su hermano, a quien le ped\u00eda leer para \u00e9l solo la correspondencia. Los colores del crep\u00fasculo y la inquietante noche estrellada conducen a un laberinto de inquietantes preguntas sobre su t\u00e9cnica, pero en las cartas se transparentaban esos momentos de lucidez cuando explicaba los colores que usaba para retratar las pasiones humanas, sus sensaciones cuando se enamoraba y la tristeza que experimentaba cuando el sopor lo dejaba sin luz.<\/p>\n\n\n\n<p>En cuanto a la redacci\u00f3n de la pasi\u00f3n, no hay nada m\u00e1s dif\u00edcil que escribir sobre sentimientos sin caer en la cursiler\u00eda. \u201cTodas las cartas de amor son rid\u00edculas. No ser\u00edan cartas de amor si no fueran rid\u00edculas\u201d, versaba Fernando Pessoa. Quien escribe bien, enamora, porque el escritor se transforma en el pirquinero que encuentra oro cuando hace danzar los adjetivos en su justa medida. El desamor con su desgarro ha parido sus mejores letras. Sin embargo, el autor no fluye rom\u00e1nticamente. Aunque el escritor tenga esa aura de maldito y bebedor, su trabajo es serio. Si enloqueces de amor no puedes crear. Un profesional escribe todos los d\u00edas, marca una rutina, al fin y al cabo es un oficio. No hay una musa que se siente todos los d\u00edas junto al escritorio. En el campo de la neurociencia se ha estudiado qu\u00e9 pasa en el cerebro de los escritores y se determin\u00f3 que hay una zona denominada \u00e1rea de Broca, donde se produce un di\u00e1logo interno, como si se narrase internamente una historia; a diferencia de alguien que no escribe habitualmente, solo tiene im\u00e1genes como en una pel\u00edcula. Ernest Hemingway comenzaba a escribir temprano y era muy sistem\u00e1tico. Anais Nin revolucion\u00f3 la narraci\u00f3n del deseo, pero desde el autoconocimiento, de la reflexi\u00f3n y la cr\u00edtica social.<\/p>\n\n\n\n<p>Cuando Brigitte Bardot le pidi\u00f3 al legendario m\u00fasico franc\u00e9s Serge Gainsbourg que le escribiera la canci\u00f3n m\u00e1s bella de amor, \u00e9ste trasnoch\u00f3 hasta crear el escandaloso tema: <em>Je t\u2019 aime\u2026moi non plus.<\/em> Prohibida por el Vaticano, marc\u00f3 una \u00e9poca gracias a la danza perfecta entre letra y gemidos \u00bfPero Gainsbourg fue un genio por crearla en una noche? M\u00e1s que el frenes\u00ed, su r\u00e1pida composici\u00f3n pasional eman\u00f3 de una carrera que ven\u00eda forjando a lo largo de diversos estilos y una larga discograf\u00eda. Volviendo entonces al p\u00e1rrafo anterior, su \u00e1rea de Broca estaba m\u00e1s que entrenada. El desaf\u00edo fue encontrar la melod\u00eda y las palabras que danzaran como un \u00e9xtasis. Y el est\u00edmulo naci\u00f3 por las palabras de una mujer que le pidi\u00f3 crear algo jam\u00e1s escuchado.<\/p>\n\n\n\n<p>La palabra da cuerpo, atrapa los flechazos de la cabeza para que no se diluyan y les da forma.<\/p>\n\n\n\n<p><strong>Mariela L\u00f3pez Medrano<\/strong> &#8211; <strong>Periodista<\/strong><\/p>\n","protected":false},"excerpt":{"rendered":"<p>Quien escribe bien, enamora, porque el escritor se transforma en el pirquinero que encuentra oro cuando hace danzar los adjetivos en su justa medida.<\/p>\n","protected":false},"author":1,"featured_media":33513,"comment_status":"closed","ping_status":"closed","sticky":false,"template":"","format":"standard","meta":{"footnotes":""},"categories":[3,2431,7],"tags":[2118,337,1091,273,247,133],"class_list":["post-33512","post","type-post","status-publish","format-standard","has-post-thumbnail","hentry","category-al-dia","category-literatura","category-opinion","tag-semanariolocal","tag-informacion","tag-mariela-lopez-medrano","tag-noticias","tag-region-de-los-lagos","tag-semanario-local"],"_links":{"self":[{"href":"https:\/\/www.semanariolocal.cl\/index.php?rest_route=\/wp\/v2\/posts\/33512","targetHints":{"allow":["GET"]}}],"collection":[{"href":"https:\/\/www.semanariolocal.cl\/index.php?rest_route=\/wp\/v2\/posts"}],"about":[{"href":"https:\/\/www.semanariolocal.cl\/index.php?rest_route=\/wp\/v2\/types\/post"}],"author":[{"embeddable":true,"href":"https:\/\/www.semanariolocal.cl\/index.php?rest_route=\/wp\/v2\/users\/1"}],"replies":[{"embeddable":true,"href":"https:\/\/www.semanariolocal.cl\/index.php?rest_route=%2Fwp%2Fv2%2Fcomments&post=33512"}],"version-history":[{"count":1,"href":"https:\/\/www.semanariolocal.cl\/index.php?rest_route=\/wp\/v2\/posts\/33512\/revisions"}],"predecessor-version":[{"id":33514,"href":"https:\/\/www.semanariolocal.cl\/index.php?rest_route=\/wp\/v2\/posts\/33512\/revisions\/33514"}],"wp:featuredmedia":[{"embeddable":true,"href":"https:\/\/www.semanariolocal.cl\/index.php?rest_route=\/wp\/v2\/media\/33513"}],"wp:attachment":[{"href":"https:\/\/www.semanariolocal.cl\/index.php?rest_route=%2Fwp%2Fv2%2Fmedia&parent=33512"}],"wp:term":[{"taxonomy":"category","embeddable":true,"href":"https:\/\/www.semanariolocal.cl\/index.php?rest_route=%2Fwp%2Fv2%2Fcategories&post=33512"},{"taxonomy":"post_tag","embeddable":true,"href":"https:\/\/www.semanariolocal.cl\/index.php?rest_route=%2Fwp%2Fv2%2Ftags&post=33512"}],"curies":[{"name":"wp","href":"https:\/\/api.w.org\/{rel}","templated":true}]}}