{"id":3350,"date":"2021-12-01T08:10:00","date_gmt":"2021-12-01T11:10:00","guid":{"rendered":"https:\/\/www.semanariolocal.cl\/?p=3350"},"modified":"2021-12-01T12:13:09","modified_gmt":"2021-12-01T15:13:09","slug":"gases-efecto-invernadero-las-cinco-regiones-de-chile-con-mas-emisiones-de-co2","status":"publish","type":"post","link":"https:\/\/www.semanariolocal.cl\/?p=3350","title":{"rendered":"Gases efecto invernadero: las cinco regiones de Chile con m\u00e1s emisiones de CO2"},"content":{"rendered":"\n<p style=\"font-size:17px\">De acuerdo a Naciones Unidas, a consecuencia del avance de la industrializaci\u00f3n, deforestaci\u00f3n y agricultura a escala, la cantidad de gases de efecto invernadero (GEI) en la atm\u00f3sfera ha ido aumentando en niveles nunca antes vistos en tres millones de a\u00f1os.&nbsp;<\/p>\n\n\n\n<p style=\"font-size:17px\">De hecho, seg\u00fan el \u201c<em>Programa de la ONU para el Medio Ambiente\u201d<\/em>, a nivel planetario se requiere una reducci\u00f3n del 55% de emisiones para limitar el aumento de la temperatura global por debajo de 1,5C. Esto, tomando en cuenta que el calentamiento trae consigo mayor frecuencia e intensidad de calores extremos, olas de calor, precipitaciones, sequ\u00edas, reducci\u00f3n de hielos, entre otros.&nbsp;<\/p>\n\n\n\n<p style=\"font-size:17px\">En Chile, cada dos a\u00f1os se tiene acceso a un inventario de emisiones actualizado y presentado de manera p\u00fablica por el Ministerio de Medio Ambiente. En el \u00faltimo informe disponible, se publicaron datos consolidados a escala nacional y regional, comprendidos desde 1990 hasta 2018.<\/p>\n\n\n\n<p style=\"font-size:17px\">El despliegue de estas cifras entreg\u00f3 datos preocupantes. Seg\u00fan la observaci\u00f3n realizada por <a href=\"https:\/\/www.dataintelligence-group.com\/\" target=\"_blank\" rel=\"noreferrer noopener\">Data Intelligence<\/a>, las cinco regiones con m\u00e1s emisiones netas (emisiones menos absorciones) de CO2 equivalente fueron la <strong>Metropolitana, Antofagasta, Valpara\u00edso, Biob\u00edo y Atacama<\/strong>.&nbsp;<\/p>\n\n\n\n<p style=\"font-size:17px\">Dentro de estas, las dos primeras mostraron un nivel de emisiones netas m\u00e1s alto, promediando las 22 mil kilotoneladas cada una, alcanzado incluso una emisi\u00f3n 3 veces mayor que Atacama.<\/p>\n\n\n\n<p style=\"font-size:17px\">Esto se contrapone en gran medida al caso de las regiones del sur de nuestro pa\u00eds, en donde se observ\u00f3 una mayor cantidad de absorciones de GEI, situaci\u00f3n que puede explicarse por la gran cantidad de bosque en la zona.&nbsp;<\/p>\n\n\n\n<p><\/p>\n\n\n\n \n\n\n\n<p><\/p>\n","protected":false},"excerpt":{"rendered":"<p>La Regi\u00f3n Metropolitana lidera el ranking, incluso duplicando las emisiones que se registraron en la Regi\u00f3n de Atacama. Por su parte, la Regi\u00f3n de Ays\u00e9n absorbi\u00f3 pr\u00e1cticamente todo lo que emiti\u00f3 la Regi\u00f3n de Antofagasta en un a\u00f1o.<\/p>\n","protected":false},"author":1,"featured_media":3351,"comment_status":"closed","ping_status":"closed","sticky":false,"template":"","format":"standard","meta":{"footnotes":""},"categories":[4],"tags":[],"class_list":["post-3350","post","type-post","status-publish","format-standard","has-post-thumbnail","hentry","category-reportajes"],"_links":{"self":[{"href":"https:\/\/www.semanariolocal.cl\/index.php?rest_route=\/wp\/v2\/posts\/3350","targetHints":{"allow":["GET"]}}],"collection":[{"href":"https:\/\/www.semanariolocal.cl\/index.php?rest_route=\/wp\/v2\/posts"}],"about":[{"href":"https:\/\/www.semanariolocal.cl\/index.php?rest_route=\/wp\/v2\/types\/post"}],"author":[{"embeddable":true,"href":"https:\/\/www.semanariolocal.cl\/index.php?rest_route=\/wp\/v2\/users\/1"}],"replies":[{"embeddable":true,"href":"https:\/\/www.semanariolocal.cl\/index.php?rest_route=%2Fwp%2Fv2%2Fcomments&post=3350"}],"version-history":[{"count":2,"href":"https:\/\/www.semanariolocal.cl\/index.php?rest_route=\/wp\/v2\/posts\/3350\/revisions"}],"predecessor-version":[{"id":3354,"href":"https:\/\/www.semanariolocal.cl\/index.php?rest_route=\/wp\/v2\/posts\/3350\/revisions\/3354"}],"wp:featuredmedia":[{"embeddable":true,"href":"https:\/\/www.semanariolocal.cl\/index.php?rest_route=\/wp\/v2\/media\/3351"}],"wp:attachment":[{"href":"https:\/\/www.semanariolocal.cl\/index.php?rest_route=%2Fwp%2Fv2%2Fmedia&parent=3350"}],"wp:term":[{"taxonomy":"category","embeddable":true,"href":"https:\/\/www.semanariolocal.cl\/index.php?rest_route=%2Fwp%2Fv2%2Fcategories&post=3350"},{"taxonomy":"post_tag","embeddable":true,"href":"https:\/\/www.semanariolocal.cl\/index.php?rest_route=%2Fwp%2Fv2%2Ftags&post=3350"}],"curies":[{"name":"wp","href":"https:\/\/api.w.org\/{rel}","templated":true}]}}