{"id":33489,"date":"2026-03-06T10:48:00","date_gmt":"2026-03-06T13:48:00","guid":{"rendered":"https:\/\/www.semanariolocal.cl\/?p=33489"},"modified":"2026-03-07T22:56:50","modified_gmt":"2026-03-08T01:56:50","slug":"los-therians-las-nuevas-identidades-y-como-entender-la-salud-mental","status":"publish","type":"post","link":"https:\/\/www.semanariolocal.cl\/?p=33489","title":{"rendered":"Los Therians: Las nuevas identidades y c\u00f3mo entender la salud mental"},"content":{"rendered":"\n<p><strong><mark style=\"background-color:#abb8c3\" class=\"has-inline-color has-white-color\">06 de marzo del 2026.-<\/mark><\/strong> Se trata, principalmente, de adolescentes y j\u00f3venes que expresan sentir una conexi\u00f3n profunda con un animal, describiendo esa experiencia como parte de su identidad. Para algunos adultos, el fen\u00f3meno genera desconcierto; para otros, preocupaci\u00f3n. Sin embargo, antes de apresurarnos a juzgar o patologizar, vale la pena detenerse y observar qu\u00e9 est\u00e1 ocurriendo realmente.<br><br>Desde la salud mental, el primer punto clave es claro: identificarse como therian no es un diagn\u00f3stico psiqui\u00e1trico ni un trastorno o patolog\u00eda reconocida. No aparece en los manuales cl\u00ednicos internacionales ni existe evidencia que permita considerarlo, por s\u00ed solo, un problema psicol\u00f3gico. M\u00e1s bien, se trata de una expresi\u00f3n identitaria que emerge en un contexto cultural muy espec\u00edfico: una generaci\u00f3n que construye su identidad en espacios digitales, donde las comunidades se forman alrededor de experiencias compartidas.<br><br>La adolescencia siempre ha sido una etapa de exploraci\u00f3n. Cambian los grupos, los estilos, las formas de nombrarse y entenderse. Lo que hoy ocurre es que estas b\u00fasquedas se desarrollan p\u00fablicamente y a gran velocidad gracias a las redes sociales. All\u00ed, j\u00f3venes que antes se habr\u00edan sentido extra\u00f1os o aislados encuentran pertenencia y validaci\u00f3n. En ese contexto, el fen\u00f3meno therian puede entenderse como una manera simb\u00f3lica de expresar rasgos personales, emociones o formas de percibirse a s\u00ed mismos.<br><br>El desaf\u00edo para padres, docentes y profesionales de la salud mental no es etiquetar r\u00e1pidamente estas experiencias como algo \u201cnormal\u201d o \u201canormal\u201d. La verdadera pregunta cl\u00ednica es otra: \u00bfhay sufrimiento?, \u00bfexiste deterioro en la vida cotidiana?, \u00bfla persona est\u00e1 dejando de funcionar en sus espacios habituales? Si no hay malestar significativo, la experiencia suele situarse m\u00e1s cerca de la exploraci\u00f3n identitaria que de la psicopatolog\u00eda.<br><br>Parad\u00f3jicamente, el mayor riesgo muchas veces no proviene de la identidad en s\u00ed, sino de la reacci\u00f3n social. La burla, el rechazo o la exposici\u00f3n p\u00fablica pueden generar un da\u00f1o emocional real, especialmente en adolescentes que ya atraviesan una etapa de alta sensibilidad social. En vez de respuestas alarmistas, la evidencia en salud mental sugiere algo m\u00e1s simple y efectivo: escuchar, comprender el contexto y mantener canales de di\u00e1logo abiertos.<br><br>Este fen\u00f3meno tambi\u00e9n nos enfrenta a una pregunta m\u00e1s amplia. \u00bfEstamos preparados como sociedad para comprender nuevas formas de identidad que no encajan f\u00e1cilmente en categor\u00edas tradicionales? Las generaciones j\u00f3venes est\u00e1n creando lenguajes distintos para hablar de s\u00ed mismas, y eso puede incomodar a quienes crecieron en marcos culturales diferentes.<br><br>Tal vez el fen\u00f3meno therian no habla solamente de animales o identidades alternativas. Quiz\u00e1s refleja algo m\u00e1s profundo: la necesidad humana de pertenecer, de sentirse comprendido y de encontrar nuevas formas de expresar aquello que resulta dif\u00edcil explicar con palabras convencionales. M\u00e1s que apresurarnos a diagnosticar, quiz\u00e1s sea momento de escuchar.<\/p>\n\n\n\n<p><strong>Jonathan Mart\u00ednez L\u00edbano, Director del Magister en Educaci\u00f3n Emocional y Convivencia Escolar UNAB<\/strong><\/p>\n","protected":false},"excerpt":{"rendered":"<p>En los \u00faltimos meses, la palabra therian comenz\u00f3 a aparecer con frecuencia en redes sociales, medios digitales y conversaciones familiares. <\/p>\n","protected":false},"author":1,"featured_media":33490,"comment_status":"closed","ping_status":"closed","sticky":false,"template":"","format":"standard","meta":{"footnotes":""},"categories":[2691,7,3265,2484,4556],"tags":[2118,337,273,247,133],"class_list":["post-33489","post","type-post","status-publish","format-standard","has-post-thumbnail","hentry","category-arte","category-opinion","category-psicologia","category-salud","category-salud-mental","tag-semanariolocal","tag-informacion","tag-noticias","tag-region-de-los-lagos","tag-semanario-local"],"_links":{"self":[{"href":"https:\/\/www.semanariolocal.cl\/index.php?rest_route=\/wp\/v2\/posts\/33489","targetHints":{"allow":["GET"]}}],"collection":[{"href":"https:\/\/www.semanariolocal.cl\/index.php?rest_route=\/wp\/v2\/posts"}],"about":[{"href":"https:\/\/www.semanariolocal.cl\/index.php?rest_route=\/wp\/v2\/types\/post"}],"author":[{"embeddable":true,"href":"https:\/\/www.semanariolocal.cl\/index.php?rest_route=\/wp\/v2\/users\/1"}],"replies":[{"embeddable":true,"href":"https:\/\/www.semanariolocal.cl\/index.php?rest_route=%2Fwp%2Fv2%2Fcomments&post=33489"}],"version-history":[{"count":1,"href":"https:\/\/www.semanariolocal.cl\/index.php?rest_route=\/wp\/v2\/posts\/33489\/revisions"}],"predecessor-version":[{"id":33491,"href":"https:\/\/www.semanariolocal.cl\/index.php?rest_route=\/wp\/v2\/posts\/33489\/revisions\/33491"}],"wp:featuredmedia":[{"embeddable":true,"href":"https:\/\/www.semanariolocal.cl\/index.php?rest_route=\/wp\/v2\/media\/33490"}],"wp:attachment":[{"href":"https:\/\/www.semanariolocal.cl\/index.php?rest_route=%2Fwp%2Fv2%2Fmedia&parent=33489"}],"wp:term":[{"taxonomy":"category","embeddable":true,"href":"https:\/\/www.semanariolocal.cl\/index.php?rest_route=%2Fwp%2Fv2%2Fcategories&post=33489"},{"taxonomy":"post_tag","embeddable":true,"href":"https:\/\/www.semanariolocal.cl\/index.php?rest_route=%2Fwp%2Fv2%2Ftags&post=33489"}],"curies":[{"name":"wp","href":"https:\/\/api.w.org\/{rel}","templated":true}]}}