{"id":33483,"date":"2026-03-06T10:00:00","date_gmt":"2026-03-06T13:00:00","guid":{"rendered":"https:\/\/www.semanariolocal.cl\/?p=33483"},"modified":"2026-03-07T03:09:15","modified_gmt":"2026-03-07T06:09:15","slug":"feminismo-y-desarrollo-mas-alla-del-8m","status":"publish","type":"post","link":"https:\/\/www.semanariolocal.cl\/?p=33483","title":{"rendered":"Feminismo y desarrollo: m\u00e1s all\u00e1 del 8M"},"content":{"rendered":"\n<p><strong><mark style=\"background-color:#abb8c3\" class=\"has-inline-color has-white-color\">06 de Marzo del 2026.-<\/mark><\/strong> Cada a\u00f1o, en torno a la conmemoraci\u00f3n del D\u00eda Internacional de la Mujer, el debate sobre el feminismo ocupa diversos espacios en la agenda p\u00fablica. Se publican cifras, se comparten diagn\u00f3sticos, se recuerdan avances y desaf\u00edos pendientes.<\/p>\n\n\n\n<p>Pero partamos definiendo el t\u00e9rmino <em>feminismo<\/em>. En el \u00faltimo tiempo, se ha recurrido en diversas instancias a revisar el significado de las palabras por la Real Academia Espa\u00f1ola (RAE), as\u00ed que, aprovechando esta moda, \u00bfqu\u00e9 dice la RAE sobre el feminismo?<\/p>\n\n\n\n<p>La RAE define actualmente en el Diccionario de la lengua espa\u00f1ola al <em>feminismo<\/em> como el principio de igualdad de derechos entre mujeres y hombres; y como el movimiento que busca hacer efectiva esa igualdad en la sociedad.<\/p>\n\n\n\n<p>Entonces, entendiendo que nos involucra a todas y todos, \u00bfpor qu\u00e9 no ocupa la agenda con la misma intensidad todo el tiempo? Al parecer, en un contexto nacional e internacional marcado por m\u00faltiples urgencias, esta discusi\u00f3n pasa a un segundo o tercer plano el resto del tiempo, y por lo tanto se aprovecha la fecha conmemorativa para volver a darle \u00e9nfasis. Sin embargo, mantenerla presente m\u00e1s all\u00e1 del 8M es clave para comprender que es un factor relevante para el desarrollo de nuestra sociedad.<\/p>\n\n\n\n<p>Cuando se habla de brechas de g\u00e9nero, el debate suele centrarse en la equidad, los derechos o la justicia social. Pero hay otra dimensi\u00f3n, igual de relevante, que frecuentemente queda en segundo plano: la desigualdad de g\u00e9nero tiene un costo econ\u00f3mico significativo para los pa\u00edses.<\/p>\n\n\n\n<p>Diversos organismos internacionales han advertido que limitar la participaci\u00f3n econ\u00f3mica de las mujeres significa desaprovechar talento, reducir la productividad y, por lo tanto, limitar el crecimiento. El McKinsey Global Institute, el a\u00f1o 2015, ya estim\u00f3 que avanzar hacia una mayor igualdad de g\u00e9nero podr\u00eda a\u00f1adir hasta 12 billones de d\u00f3lares al PIB global proyectado al 2025.<\/p>\n\n\n\n<p>Aunque no se ha publicado una actualizaci\u00f3n de ese estudio, organismos como el Banco Mundial y el World Economic Forum (WEF) contin\u00faan indicando que las brechas econ\u00f3micas de g\u00e9nero siguen representando un freno estructural al crecimiento. En otras palabras, parte importante del potencial econ\u00f3mico mundial sigue estando subutilizado.<\/p>\n\n\n\n<p>Hay varias razones que explican esta subutilizaci\u00f3n del recurso, una de las principales es la desigual distribuci\u00f3n del trabajo de cuidados. A nivel global, las mujeres realizan m\u00e1s del 75% del trabajo dom\u00e9stico y de cuidados no remunerado, seg\u00fan la Organizaci\u00f3n Internacional del Trabajo (OIT). Cuando este trabajo se valoriza econ\u00f3micamente, puede representar entre un 9% y un 15% del PIB en muchos pa\u00edses.<\/p>\n\n\n\n<p>La evidencia regional refuerza este diagn\u00f3stico. La Comisi\u00f3n Econ\u00f3mica para Am\u00e9rica Latina y el Caribe (CEPAL) ha mostrado de manera consistente que cerrar brechas de participaci\u00f3n laboral femenina no solo fortalece la autonom\u00eda econ\u00f3mica de las mujeres, sino que tambi\u00e9n contribuye al crecimiento y la productividad de Am\u00e9rica Latina, una regi\u00f3n que enfrenta importantes desaf\u00edos en materia de desarrollo.<\/p>\n\n\n\n<p>Cuando este an\u00e1lisis se traslada al \u00e1mbito del conocimiento, la innovaci\u00f3n y la ciencia, el costo de las brechas se vuelve a\u00fan m\u00e1s evidente. La subrepresentaci\u00f3n de mujeres en \u00e1reas STEM (ciencia, tecnolog\u00eda, ingenier\u00eda y matem\u00e1ticas) limita la capacidad de los pa\u00edses para innovar, desarrollar nuevas tecnolog\u00edas y responder a los desaf\u00edos actuales y futuros.<\/p>\n\n\n\n<p>A nivel global, las mujeres representan solo alrededor del 33% de las personas dedicadas a investigaci\u00f3n cient\u00edfica, seg\u00fan la Organizaci\u00f3n de las Naciones Unidas para la Educaci\u00f3n, la Ciencia y la Cultura (UNESCO), y apenas cerca del 17% de los inventores en solicitudes internacionales de patentes, de acuerdo con la Organizaci\u00f3n Mundial de la Propiedad Intelectual (OMPI).<\/p>\n\n\n\n<p>Chile no es ajeno a esta realidad. Aunque las mujeres representan m\u00e1s de la mitad de la matr\u00edcula universitaria, solo una de cada cinco opta por carreras STEM. Adem\u00e1s, solo alrededor de un tercio de quienes realizan investigaci\u00f3n en el pa\u00eds son mujeres.<\/p>\n\n\n\n<p>En una econom\u00eda que cada vez se basa en el conocimiento, estas cifras no solo reflejan una brecha de g\u00e9nero: revelan tambi\u00e9n una oportunidad perdida para el desarrollo. Promover m\u00e1s mujeres en ciencia y tecnolog\u00eda no es solo una pol\u00edtica de equidad. Es, tambi\u00e9n, una decisi\u00f3n estrat\u00e9gica para fortalecer la innovaci\u00f3n, ampliar el talento disponible y construir econom\u00edas m\u00e1s din\u00e1micas y competitivas.<\/p>\n\n\n\n<p>Entonces, \u00bfqu\u00e9 tal si mantenemos el tema del <em>feminismo<\/em> activo m\u00e1s all\u00e1 del 8M?<\/p>\n\n\n\n<p><strong><mark style=\"background-color:#abb8c3\" class=\"has-inline-color has-white-color\"> <\/mark>Dra. Pamela \u00c1lvarez Marambio \u2013 Directora Departamento de Ciencias de la Ingenier\u00eda UNAB<\/strong><\/p>\n","protected":false},"excerpt":{"rendered":"<p>Cuando se habla de brechas de g\u00e9nero, el debate suele centrarse en la equidad, los derechos o la justicia social. Pero hay otra dimensi\u00f3n igual de relevante&#8230;<\/p>\n","protected":false},"author":1,"featured_media":33484,"comment_status":"closed","ping_status":"closed","sticky":false,"template":"","format":"standard","meta":{"footnotes":""},"categories":[3,4717,2496],"tags":[2118,4863,337,273,247,133],"class_list":["post-33483","post","type-post","status-publish","format-standard","has-post-thumbnail","hentry","category-al-dia","category-mujer","category-nacional","tag-semanariolocal","tag-dra-pamela-alvarez-marambio","tag-informacion","tag-noticias","tag-region-de-los-lagos","tag-semanario-local"],"_links":{"self":[{"href":"https:\/\/www.semanariolocal.cl\/index.php?rest_route=\/wp\/v2\/posts\/33483","targetHints":{"allow":["GET"]}}],"collection":[{"href":"https:\/\/www.semanariolocal.cl\/index.php?rest_route=\/wp\/v2\/posts"}],"about":[{"href":"https:\/\/www.semanariolocal.cl\/index.php?rest_route=\/wp\/v2\/types\/post"}],"author":[{"embeddable":true,"href":"https:\/\/www.semanariolocal.cl\/index.php?rest_route=\/wp\/v2\/users\/1"}],"replies":[{"embeddable":true,"href":"https:\/\/www.semanariolocal.cl\/index.php?rest_route=%2Fwp%2Fv2%2Fcomments&post=33483"}],"version-history":[{"count":1,"href":"https:\/\/www.semanariolocal.cl\/index.php?rest_route=\/wp\/v2\/posts\/33483\/revisions"}],"predecessor-version":[{"id":33485,"href":"https:\/\/www.semanariolocal.cl\/index.php?rest_route=\/wp\/v2\/posts\/33483\/revisions\/33485"}],"wp:featuredmedia":[{"embeddable":true,"href":"https:\/\/www.semanariolocal.cl\/index.php?rest_route=\/wp\/v2\/media\/33484"}],"wp:attachment":[{"href":"https:\/\/www.semanariolocal.cl\/index.php?rest_route=%2Fwp%2Fv2%2Fmedia&parent=33483"}],"wp:term":[{"taxonomy":"category","embeddable":true,"href":"https:\/\/www.semanariolocal.cl\/index.php?rest_route=%2Fwp%2Fv2%2Fcategories&post=33483"},{"taxonomy":"post_tag","embeddable":true,"href":"https:\/\/www.semanariolocal.cl\/index.php?rest_route=%2Fwp%2Fv2%2Ftags&post=33483"}],"curies":[{"name":"wp","href":"https:\/\/api.w.org\/{rel}","templated":true}]}}