{"id":3347,"date":"2021-12-01T08:15:00","date_gmt":"2021-12-01T11:15:00","guid":{"rendered":"https:\/\/www.semanariolocal.cl\/?p=3347"},"modified":"2021-12-01T17:58:12","modified_gmt":"2021-12-01T20:58:12","slug":"valoran-proyecto-de-ley-que-extiende-carrera-profesional-de-carabineros","status":"publish","type":"post","link":"https:\/\/www.semanariolocal.cl\/?p=3347","title":{"rendered":"Valoran proyecto de ley que extiende carrera profesional de Carabineros"},"content":{"rendered":"\n<p style=\"font-size:17px\">La iniciativa contempla una extensi\u00f3n de la carrera profesional de Carabineros de Chile, ampliando el tiempo m\u00e1ximo que puede permanecer en la Instituci\u00f3n a los 41 a\u00f1os de servicios, en el caso del Personal de Nombramiento Supremo, y 38 a\u00f1os, para el Personal de Nombramiento Institucional.<\/p>\n\n\n\n<p style=\"font-size:17px\">Ante este reciente anuncio del Presidente de la Rep\u00fablica, Sebasti\u00e1n Pi\u00f1era, quien firm\u00f3 el proyecto de ley que extiende la carrera profesional de Carabineros, el Delegado Regional, Carlos Geisse indic\u00f3 que \u201cse aumenta de 20 a 23 a\u00f1os o m\u00e1s la cantidad de tiempo m\u00ednimo que el personal de Carabineros de Chile debe prestar servicios efectivos para tener derecho a una pensi\u00f3n de retiro m\u00ednima y, por su parte, que se deber\u00e1 contar con 35 a\u00f1os de servicios para que pueda obtener una pensi\u00f3n completa, a diferencia de la regulaci\u00f3n actual, que establece dichas condiciones a los 30 a\u00f1os\u201d.<\/p>\n\n\n\n<p style=\"font-size:17px\">Uno de los aspectos caracter\u00edsticos de los Carabineros de Chile es que sus funcionarios desarrollan una carrera desde su ingreso a la planta hasta su retiro de la Instituci\u00f3n.<\/p>\n\n\n\n<p style=\"font-size:17px\">Para estos efectos, la ley dispone una determinada cantidad de a\u00f1os en cada grado y de cupos por grado.<\/p>\n\n\n\n<p style=\"font-size:17px\">El proyecto de ley aumenta los a\u00f1os m\u00ednimos para ascender sobre todo en los grados inferiores de la carrera, lo que permite aumentar la cantidad de personal operativo y que el ascenso a grados superiores sea con mayor experiencia.<\/p>\n\n\n\n<p style=\"font-size:17px\">Adem\u00e1s, se introduce una herramienta fundamental para poder realizar una correcta administraci\u00f3n del personal: la lista anual de retiro. Tal como sucede en las Fuerzas Armadas, se realizar\u00e1 una revisi\u00f3n anual del estado de la dotaci\u00f3n y de los cupos &nbsp;necesarios en la planta para cursar los ascensos correspondientes, disponiendo el retiro del personal -hasta el n\u00famero m\u00e1ximo que fije el Presidente de la Rep\u00fablica- que sea necesario para que avancen quienes cumplen los requisitos de antig\u00fcedad y m\u00e9rito.<\/p>\n\n\n\n<p style=\"font-size:17px\">Asimismo, la posibilidad de prestar plazas vacantes a grados y escalafones que no tienen cupos disponibles para que ascienda personal que tenga requisitos legales cumplidos y la determinaci\u00f3n de la cantidad m\u00e1xima de alumnos que pueden ingresar a las Escuelas Institucionales son herramientas que permitir\u00e1n mantener la adecuada supervisi\u00f3n del desarrollo de la carrera funcionaria. Estos mecanismos comenzar\u00e1n a regir el 1\u00ba de enero del a\u00f1o siguiente a la aprobaci\u00f3n del proyecto de ley.<\/p>\n\n\n\n<p style=\"font-size:17px\">La postergaci\u00f3n de beneficios previsionales como obtener el derecho a pensi\u00f3n a los 23 a\u00f1os de servicio y el derecho a pensi\u00f3n completa a los 35 a\u00f1os, la creaci\u00f3n de una asignaci\u00f3n de modernizaci\u00f3n y el aumento de a\u00f1os m\u00ednimos en algunos grados como requisitos de ascenso se aplicar\u00e1 s\u00f3lo al personal que ingrese a la planta de la Instituci\u00f3n a partir de la fecha que se\u00f1ale el decreto que pase a fijar el nuevo Estatuto del Personal de Carabineros de Chile.<\/p>\n","protected":false},"excerpt":{"rendered":"<p>En el marco de la reforma de la Instituci\u00f3n, se propone ampliar el tiempo m\u00e1ximo que los carabineros pueden desempe\u00f1ar sus labores.<\/p>\n","protected":false},"author":1,"featured_media":3348,"comment_status":"closed","ping_status":"closed","sticky":false,"template":"","format":"standard","meta":{"footnotes":""},"categories":[3],"tags":[],"class_list":["post-3347","post","type-post","status-publish","format-standard","has-post-thumbnail","hentry","category-al-dia"],"_links":{"self":[{"href":"https:\/\/www.semanariolocal.cl\/index.php?rest_route=\/wp\/v2\/posts\/3347","targetHints":{"allow":["GET"]}}],"collection":[{"href":"https:\/\/www.semanariolocal.cl\/index.php?rest_route=\/wp\/v2\/posts"}],"about":[{"href":"https:\/\/www.semanariolocal.cl\/index.php?rest_route=\/wp\/v2\/types\/post"}],"author":[{"embeddable":true,"href":"https:\/\/www.semanariolocal.cl\/index.php?rest_route=\/wp\/v2\/users\/1"}],"replies":[{"embeddable":true,"href":"https:\/\/www.semanariolocal.cl\/index.php?rest_route=%2Fwp%2Fv2%2Fcomments&post=3347"}],"version-history":[{"count":1,"href":"https:\/\/www.semanariolocal.cl\/index.php?rest_route=\/wp\/v2\/posts\/3347\/revisions"}],"predecessor-version":[{"id":3349,"href":"https:\/\/www.semanariolocal.cl\/index.php?rest_route=\/wp\/v2\/posts\/3347\/revisions\/3349"}],"wp:featuredmedia":[{"embeddable":true,"href":"https:\/\/www.semanariolocal.cl\/index.php?rest_route=\/wp\/v2\/media\/3348"}],"wp:attachment":[{"href":"https:\/\/www.semanariolocal.cl\/index.php?rest_route=%2Fwp%2Fv2%2Fmedia&parent=3347"}],"wp:term":[{"taxonomy":"category","embeddable":true,"href":"https:\/\/www.semanariolocal.cl\/index.php?rest_route=%2Fwp%2Fv2%2Fcategories&post=3347"},{"taxonomy":"post_tag","embeddable":true,"href":"https:\/\/www.semanariolocal.cl\/index.php?rest_route=%2Fwp%2Fv2%2Ftags&post=3347"}],"curies":[{"name":"wp","href":"https:\/\/api.w.org\/{rel}","templated":true}]}}