{"id":33462,"date":"2026-03-01T10:00:00","date_gmt":"2026-03-01T13:00:00","guid":{"rendered":"https:\/\/www.semanariolocal.cl\/?p=33462"},"modified":"2026-03-05T23:16:31","modified_gmt":"2026-03-06T02:16:31","slug":"techo-de-cristal-en-educacion-superior-mujeres-avanzan-en-acceso-pero-no-en-liderazgo","status":"publish","type":"post","link":"https:\/\/www.semanariolocal.cl\/?p=33462","title":{"rendered":"Techo de cristal en educaci\u00f3n superior: mujeres avanzan en acceso, pero no en liderazgo"},"content":{"rendered":"\n<p><strong><mark style=\"background-color:#abb8c3\" class=\"has-inline-color has-white-color\">01 de Marzo del 2026.-<\/mark><\/strong> Chile est\u00e1 formando una generaci\u00f3n de cient\u00edficas altamente competitivas. Las cifras del <em>Reporte de Participaci\u00f3n Femenina 2025<\/em> de la Agencia Nacional de Investigaci\u00f3n y Desarrollo (ANID) lo confirman: en las becas de mag\u00edster y doctorado, las mujeres representan en promedio el 46,02% de las postulaciones y el 47,32% de las adjudicaciones. Desde 2022, la brecha en adjudicaci\u00f3n se invirti\u00f3 a su favor, alcanzando en 2024 niveles estad\u00edsticamente significativos. El sistema de formaci\u00f3n est\u00e1 fomentando el talento de las mujeres en proporciones robustas y con resultados acad\u00e9micos plenamente competitivos.<\/p>\n\n\n\n<p>Sin embargo, la transici\u00f3n hacia el liderazgo cient\u00edfico revela una realidad m\u00e1s compleja. La brecha actual no radica en la capacidad ni en el rendimiento evaluado, sino en la progresi\u00f3n de las trayectorias. Factores estructurales -como trayectorias discontinuas asociadas a responsabilidades de cuidado, menor inserci\u00f3n en redes estrat\u00e9gicas y culturas disciplinares hist\u00f3ricamente masculinizadas- siguen influyendo en la consolidaci\u00f3n acad\u00e9mica.<\/p>\n\n\n\n<p>El diagn\u00f3stico presentado durante 2025 por la Subsecretar\u00eda de Educaci\u00f3n Superior de Chile y la Subsecretar\u00eda de Ciencia, Tecnolog\u00eda, Conocimiento e Innovaci\u00f3n de Chile (CTCI) permite observar el fen\u00f3meno en perspectiva. Las mujeres ya son mayor\u00eda en educaci\u00f3n superior: representan el 52,6% de la matr\u00edcula de primer a\u00f1o y el 50,7% del total universitario. No obstante, en carreras STEM su participaci\u00f3n desciende al 20,8%, y en el personal acad\u00e9mico alcanza el 45,7%. A medida que la carrera avanza hacia posiciones de mayor jerarqu\u00eda, su presencia disminuye.<\/p>\n\n\n\n<p>Los resultados 2025 de los concursos Fondecyt confirman la persistencia de trayectorias desiguales. En Fondecyt Postdoctorado se observa una paridad pr\u00e1cticamente exacta en la tasa de adjudicaci\u00f3n (32,8% en mujeres y 32,5% en hombres). En Fondecyt Iniciaci\u00f3n, en tanto, las mujeres obtuvieron una tasa de adjudicaci\u00f3n superior a la de los hombres (27,4% versus 22,4%), aunque representan cerca del 40% de las postulaciones. En conjunto, estos antecedentes muestran que, si bien las investigadoras alcanzan resultados competitivos en adjudicaci\u00f3n, su participaci\u00f3n en la postulaci\u00f3n contin\u00faa siendo menor.<\/p>\n\n\n\n<p>El punto de inflexi\u00f3n aparece en Fondecyt Regular, el instrumento que consolida liderazgo cient\u00edfico. En 2025, la participaci\u00f3n de mujeres en postulaciones cay\u00f3 a menos del 30% del total, y su tasa de adjudicaci\u00f3n alcanz\u00f3 29,2%, frente a 32,7% en hombres. En \u00e1reas tecnol\u00f3gicas y de ingenier\u00eda, la desproporci\u00f3n en el volumen de postulaciones es particularmente marcada, lo que limita la presencia de mujeres en los niveles m\u00e1s altos de direcci\u00f3n de proyectos.<\/p>\n\n\n\n<p>El patr\u00f3n que emerge no apunta a un problema generalizado de evaluaci\u00f3n, sino a un estrechamiento progresivo de la participaci\u00f3n a medida que se avanza hacia etapas de mayor consolidaci\u00f3n. Las medidas adoptadas por ANID -como la evaluaci\u00f3n ciega, el reconocimiento de interrupciones por maternidad y cuidados, y los criterios de desempate- han contribuido a mitigar sesgos en el acceso competitivo. El propio <em>Reporte de Participaci\u00f3n Femenina 2025<\/em> muestra que estas acciones tienen efectos medibles. Sin embargo, la igualdad formal en la evaluaci\u00f3n no resuelve por s\u00ed sola las condiciones estructurales que determinan qui\u00e9nes logran sostener trayectorias continuas hasta liderar proyectos de gran escala.<\/p>\n\n\n\n<p>La Cuarta Radiograf\u00eda de G\u00e9nero en CTCI indica que la participaci\u00f3n femenina en investigaci\u00f3n pas\u00f3 de 37,7% a 40,4% entre 2021 y 2022, lo que equivale a 1.500 mujeres m\u00e1s investigando en un a\u00f1o. El avance es significativo y demuestra que las pol\u00edticas p\u00fablicas pueden incidir en la composici\u00f3n del sistema. No obstante, la convergencia plena hacia el equilibrio en posiciones de liderazgo contin\u00faa siendo un desaf\u00edo pendiente.<\/p>\n\n\n\n<p>Chile super\u00f3 la barrera del acceso y ha avanzado en la equidad de los procesos competitivos iniciales. La evidencia disponible en 2025 muestra que las mujeres no solo participan, sino que obtienen resultados acad\u00e9micos equivalentes o superiores cuando compiten. El desaf\u00edo es garantizar que esa masa cr\u00edtica no se reduzca en la transici\u00f3n hacia los espacios donde se define la agenda cient\u00edfica del pa\u00eds.<\/p>\n\n\n\n<p>En el marco del 8 de marzo, la discusi\u00f3n ya no puede limitarse a ampliar oportunidades de ingreso. El desaf\u00edo es consolidar condiciones institucionales que permitan trayectorias sostenidas hasta los niveles de mayor responsabilidad acad\u00e9mica. La equidad en ciencia no es solo un imperativo normativo; es una condici\u00f3n para fortalecer la calidad del conocimiento, la innovaci\u00f3n y la capacidad de desarrollo del pa\u00eds. El techo de cristal en la educaci\u00f3n superior chilena est\u00e1 documentado con datos. La responsabilidad ahora es traducir esa evidencia en decisiones estructurales que permitan superarlo.<\/p>\n\n\n\n<p><strong>Steffanie Kloss, acad\u00e9mica investigadora Mag\u00edster en Compresi\u00f3n Lectora y Producci\u00f3n de Textos, Universidad Andr\u00e9s Bello<\/strong><\/p>\n","protected":false},"excerpt":{"rendered":"<p>\u00bf Sabia usted que en las becas de mag\u00edster y doctorado, las mujeres representan en promedio el 46,02% de las postulaciones y el 47,32% de las adjudicaciones?<\/p>\n","protected":false},"author":1,"featured_media":33463,"comment_status":"closed","ping_status":"closed","sticky":false,"template":"","format":"standard","meta":{"footnotes":""},"categories":[3,2540,11,4717,3842],"tags":[2118,337,273,247,133],"class_list":["post-33462","post","type-post","status-publish","format-standard","has-post-thumbnail","hentry","category-al-dia","category-ciencia","category-educacion","category-mujer","category-politicas-publicas","tag-semanariolocal","tag-informacion","tag-noticias","tag-region-de-los-lagos","tag-semanario-local"],"_links":{"self":[{"href":"https:\/\/www.semanariolocal.cl\/index.php?rest_route=\/wp\/v2\/posts\/33462","targetHints":{"allow":["GET"]}}],"collection":[{"href":"https:\/\/www.semanariolocal.cl\/index.php?rest_route=\/wp\/v2\/posts"}],"about":[{"href":"https:\/\/www.semanariolocal.cl\/index.php?rest_route=\/wp\/v2\/types\/post"}],"author":[{"embeddable":true,"href":"https:\/\/www.semanariolocal.cl\/index.php?rest_route=\/wp\/v2\/users\/1"}],"replies":[{"embeddable":true,"href":"https:\/\/www.semanariolocal.cl\/index.php?rest_route=%2Fwp%2Fv2%2Fcomments&post=33462"}],"version-history":[{"count":1,"href":"https:\/\/www.semanariolocal.cl\/index.php?rest_route=\/wp\/v2\/posts\/33462\/revisions"}],"predecessor-version":[{"id":33464,"href":"https:\/\/www.semanariolocal.cl\/index.php?rest_route=\/wp\/v2\/posts\/33462\/revisions\/33464"}],"wp:featuredmedia":[{"embeddable":true,"href":"https:\/\/www.semanariolocal.cl\/index.php?rest_route=\/wp\/v2\/media\/33463"}],"wp:attachment":[{"href":"https:\/\/www.semanariolocal.cl\/index.php?rest_route=%2Fwp%2Fv2%2Fmedia&parent=33462"}],"wp:term":[{"taxonomy":"category","embeddable":true,"href":"https:\/\/www.semanariolocal.cl\/index.php?rest_route=%2Fwp%2Fv2%2Fcategories&post=33462"},{"taxonomy":"post_tag","embeddable":true,"href":"https:\/\/www.semanariolocal.cl\/index.php?rest_route=%2Fwp%2Fv2%2Ftags&post=33462"}],"curies":[{"name":"wp","href":"https:\/\/api.w.org\/{rel}","templated":true}]}}