{"id":33433,"date":"2026-03-05T11:52:30","date_gmt":"2026-03-05T14:52:30","guid":{"rendered":"https:\/\/www.semanariolocal.cl\/?p=33433"},"modified":"2026-03-05T11:52:32","modified_gmt":"2026-03-05T14:52:32","slug":"senador-espinoza-violadores-de-derechos-humanos-no-pueden-quedar-libres","status":"publish","type":"post","link":"https:\/\/www.semanariolocal.cl\/?p=33433","title":{"rendered":"Senador Espinoza: \u201cVioladores de derechos humanos no pueden quedar libres\u201d."},"content":{"rendered":"\n<p><strong><mark style=\"background-color:#abb8c3\" class=\"has-inline-color has-white-color\">05 de marzo del 2026.-<\/mark><\/strong> El senador (PS) Fidel Espinoza, se refiri\u00f3 a la votaci\u00f3n del proyecto que busca suspender u otorgar cumplimiento de penas alternativas a condenados mayores y con enfermedades terminales, aprobado en general en el Senado por 23 votos a favor y 22 en contra.<\/p>\n\n\n\n<p>En su intervenci\u00f3n en Sala, el parlamentario manifest\u00f3 que \u201chubo un senador que se escondi\u00f3, no vino a votar y por eso perdimos. Una verg\u00fcenza para Chile. No puede haber reconciliaci\u00f3n cuando se pretende construir sobre la impunidad. No hay paz verdadera cuando se relativiza el dolor de las v\u00edctimas, y no hay democracia s\u00f3lida cuando el Estado vacila frente a quienes atropellaron la dignidad humana\u201d.<\/p>\n\n\n\n<p>\u201cEl senador Chahu\u00e1n no hubiera estado promoviendo un proyecto de este tipo si a \u00e9l le hubieran asesinado a un ser querido. De \u00e9l no me extra\u00f1a, pero s\u00ed de un senador del otro lado, Garc\u00eda Ruminot. En 7 d\u00edas m\u00e1s va a tener que estar conversando con nosotros en su nuevo cargo que le ha dado el presidente electo. Le vamos a recordar que atent\u00f3 contra la memoria de quienes no vimos crecer a nuestros seres queridos\u201d, sentenci\u00f3 Espinoza.<\/p>\n\n\n\n<p>Adem\u00e1s, el senador por la regi\u00f3n de Los Lagos recalc\u00f3 en que \u201ces bueno que la comunidad sepa que se abre un plazo de indicaciones despu\u00e9s de la votaci\u00f3n en general, donde podremos presentar cientos de indicaciones que impidan que los violadores de derechos humanos vuelvan a pisar libremente las calles de nuestro pa\u00eds\u201d.<\/p>\n","protected":false},"excerpt":{"rendered":"<p>El parlamentario expres\u00f3 que no puede haber reconciliaci\u00f3n cuando se construye sobre la impunidad, criticando el rol de algunos senadores en la discusi\u00f3n del proyecto que se defini\u00f3 por un voto.<\/p>\n","protected":false},"author":1,"featured_media":33434,"comment_status":"closed","ping_status":"closed","sticky":false,"template":"","format":"standard","meta":{"footnotes":""},"categories":[3,4397,4480,2496,3816,6],"tags":[2118,337,273,247,133,702],"class_list":["post-33433","post","type-post","status-publish","format-standard","has-post-thumbnail","hentry","category-al-dia","category-derecho","category-legal-y-judicial","category-nacional","category-partidos-politicos","category-politica","tag-semanariolocal","tag-informacion","tag-noticias","tag-region-de-los-lagos","tag-semanario-local","tag-senador-fidel-espinoza"],"_links":{"self":[{"href":"https:\/\/www.semanariolocal.cl\/index.php?rest_route=\/wp\/v2\/posts\/33433","targetHints":{"allow":["GET"]}}],"collection":[{"href":"https:\/\/www.semanariolocal.cl\/index.php?rest_route=\/wp\/v2\/posts"}],"about":[{"href":"https:\/\/www.semanariolocal.cl\/index.php?rest_route=\/wp\/v2\/types\/post"}],"author":[{"embeddable":true,"href":"https:\/\/www.semanariolocal.cl\/index.php?rest_route=\/wp\/v2\/users\/1"}],"replies":[{"embeddable":true,"href":"https:\/\/www.semanariolocal.cl\/index.php?rest_route=%2Fwp%2Fv2%2Fcomments&post=33433"}],"version-history":[{"count":1,"href":"https:\/\/www.semanariolocal.cl\/index.php?rest_route=\/wp\/v2\/posts\/33433\/revisions"}],"predecessor-version":[{"id":33435,"href":"https:\/\/www.semanariolocal.cl\/index.php?rest_route=\/wp\/v2\/posts\/33433\/revisions\/33435"}],"wp:featuredmedia":[{"embeddable":true,"href":"https:\/\/www.semanariolocal.cl\/index.php?rest_route=\/wp\/v2\/media\/33434"}],"wp:attachment":[{"href":"https:\/\/www.semanariolocal.cl\/index.php?rest_route=%2Fwp%2Fv2%2Fmedia&parent=33433"}],"wp:term":[{"taxonomy":"category","embeddable":true,"href":"https:\/\/www.semanariolocal.cl\/index.php?rest_route=%2Fwp%2Fv2%2Fcategories&post=33433"},{"taxonomy":"post_tag","embeddable":true,"href":"https:\/\/www.semanariolocal.cl\/index.php?rest_route=%2Fwp%2Fv2%2Ftags&post=33433"}],"curies":[{"name":"wp","href":"https:\/\/api.w.org\/{rel}","templated":true}]}}