{"id":33430,"date":"2026-03-05T08:00:00","date_gmt":"2026-03-05T11:00:00","guid":{"rendered":"https:\/\/www.semanariolocal.cl\/?p=33430"},"modified":"2026-03-05T11:44:57","modified_gmt":"2026-03-05T14:44:57","slug":"cores-osorno-apoyan-solicitud-de-ambulancia-todo-terreno-para-san-juan-de-la-costa","status":"publish","type":"post","link":"https:\/\/www.semanariolocal.cl\/?p=33430","title":{"rendered":"Cores Osorno apoyan solicitud de ambulancia todo terreno para San Juan de La Costa"},"content":{"rendered":"\n<p><strong><mark style=\"background-color:#abb8c3\" class=\"has-inline-color has-white-color\">05 de Marzo del 2026.-<\/mark><\/strong> En una comuna que cuenta con m\u00e1s de 8.300 beneficiarios de Fonasa, en un territorio con alta dispersi\u00f3n geogr\u00e1fica y una poblaci\u00f3n rural que alcanza el 89,9%, se hace indispensable contar con un nuevo dispositivo m\u00f3vil de atenci\u00f3n. As\u00ed lo respaldaron los consejeros regionales Bernardo Barr\u00eda, Eduardo Parada, Carlos Schwalm y el presidente de la comisi\u00f3n provincial, Francisco Reyes, tras reunirse con el alcalde de San Juan de la Costa, Jos\u00e9 Luis Mu\u00f1oz y su equipo Secplan en Puaucho.<\/p>\n\n\n\n<p>El presidente de la Comisi\u00f3n Provincial Osorno del CORE, Francisco Reyes, se\u00f1al\u00f3 que completar\u00e1n el n\u00famero de ambulancias que necesita San Juan de la Costa y as\u00ed disminuir la brecha en materia de acceso y tambi\u00e9n de traslado de pacientes que quedan en espera a\u00f1o a a\u00f1o.<\/p>\n\n\n\n<p>\u201cEstamos hablando de una poblaci\u00f3n que supera el 89% de poblaci\u00f3n rural y m\u00e1s del 76% de poblaci\u00f3n ind\u00edgena. Con esta ambulancia completar\u00edamos un pool para la salud primaria que claramente va a cubrir tambi\u00e9n los requerimientos que se generan a partir de la nueva apuesta rural de Pucatrihue y el nuevo Cesfam en Bah\u00eda Masa. Aqu\u00ed vamos complementando inversi\u00f3n p\u00fablica con la aprobaci\u00f3n de la Comisi\u00f3n de Osorno y esperamos esto tenerlo ya consolidado con la aprobaci\u00f3n definitiva del Consejo Regional en la segunda quincena de marzo\u201d, explic\u00f3.<\/p>\n\n\n\n<p>El consejero Bernardo Barr\u00eda, ratific\u00f3 su compromiso con esta comuna con esta ambulancia que tendr\u00e1 una inversi\u00f3n de 160 millones de pesos, se\u00f1alando que \u201cva a beneficiar a 8.300 habitantes de la comuna de San Juan entendemos que es una comuna con alta ruralidad, arriba del 80%, donde las familias tienen dif\u00edcil acceso por caminos no enrolados, de ripios de tierra y por lo tanto esta ambulancia 4&#215;4 va a beneficiar a mejorar la calidad de vida de las personas que tienen alguna complicaci\u00f3n de salud y que tiene que atenderse en los Cecosf de San Juan pero tambi\u00e9n ante la emergencia la ambulancia va a estar disponible en su minuto para que se pueda coordinar con el SAMU correspondiente de la provincia de Osorno y as\u00ed asistir a los centros de salud de emergencia u otros para solucionar sus problemas\u201d.<\/p>\n\n\n\n<p>En tanto, el consejero Eduardo Parada, indic\u00f3 que es una se\u00f1al potente el estar en terreno y reunirse con las comunidades y el equipo municipal para avanzar en la mejora de las condiciones donde el 75% de la poblaci\u00f3n pertenece a pueblos originarios y hay un 17,6% de discapacidad.<\/p>\n\n\n\n<p>En tanto, el consejero Carlos Schwalm coment\u00f3 que fue importante establecer este acuerdo en el territorio que ser\u00e1 beneficiado, donde hay evidentes condiciones de aislamiento, alta cantidad de adultos mayores, por cada 100 menores hay 158 adultos mayores, poblaci\u00f3n ind\u00edgena y rural que requieren de este impacto positivo esperado.<\/p>\n","protected":false},"excerpt":{"rendered":"<p>Cores de la provincia lograron integrar  a tabla de las pr\u00f3ximas sesiones plenarias del Consejo Regional de Los Lagos, la adquisici\u00f3n de una ambulancia 4 x 4 para la comuna de San Juan de La Costa.<\/p>\n","protected":false},"author":1,"featured_media":33431,"comment_status":"closed","ping_status":"closed","sticky":false,"template":"","format":"standard","meta":{"footnotes":""},"categories":[3,2494,3608,4419,3816,6,4362],"tags":[2118,337,273,247,133],"class_list":["post-33430","post","type-post","status-publish","format-standard","has-post-thumbnail","hentry","category-al-dia","category-core","category-estado","category-gobierno-regional","category-partidos-politicos","category-politica","category-san-juan-de-la-costa","tag-semanariolocal","tag-informacion","tag-noticias","tag-region-de-los-lagos","tag-semanario-local"],"_links":{"self":[{"href":"https:\/\/www.semanariolocal.cl\/index.php?rest_route=\/wp\/v2\/posts\/33430","targetHints":{"allow":["GET"]}}],"collection":[{"href":"https:\/\/www.semanariolocal.cl\/index.php?rest_route=\/wp\/v2\/posts"}],"about":[{"href":"https:\/\/www.semanariolocal.cl\/index.php?rest_route=\/wp\/v2\/types\/post"}],"author":[{"embeddable":true,"href":"https:\/\/www.semanariolocal.cl\/index.php?rest_route=\/wp\/v2\/users\/1"}],"replies":[{"embeddable":true,"href":"https:\/\/www.semanariolocal.cl\/index.php?rest_route=%2Fwp%2Fv2%2Fcomments&post=33430"}],"version-history":[{"count":1,"href":"https:\/\/www.semanariolocal.cl\/index.php?rest_route=\/wp\/v2\/posts\/33430\/revisions"}],"predecessor-version":[{"id":33432,"href":"https:\/\/www.semanariolocal.cl\/index.php?rest_route=\/wp\/v2\/posts\/33430\/revisions\/33432"}],"wp:featuredmedia":[{"embeddable":true,"href":"https:\/\/www.semanariolocal.cl\/index.php?rest_route=\/wp\/v2\/media\/33431"}],"wp:attachment":[{"href":"https:\/\/www.semanariolocal.cl\/index.php?rest_route=%2Fwp%2Fv2%2Fmedia&parent=33430"}],"wp:term":[{"taxonomy":"category","embeddable":true,"href":"https:\/\/www.semanariolocal.cl\/index.php?rest_route=%2Fwp%2Fv2%2Fcategories&post=33430"},{"taxonomy":"post_tag","embeddable":true,"href":"https:\/\/www.semanariolocal.cl\/index.php?rest_route=%2Fwp%2Fv2%2Ftags&post=33430"}],"curies":[{"name":"wp","href":"https:\/\/api.w.org\/{rel}","templated":true}]}}