{"id":3338,"date":"2021-11-30T07:55:00","date_gmt":"2021-11-30T10:55:00","guid":{"rendered":"https:\/\/www.semanariolocal.cl\/?p=3338"},"modified":"2021-11-29T22:03:33","modified_gmt":"2021-11-30T01:03:33","slug":"tribunal-ordena-pagar-licencia-medica-rechazada-injustificadamente","status":"publish","type":"post","link":"https:\/\/www.semanariolocal.cl\/?p=3338","title":{"rendered":"Tribunal ordena pagar licencia m\u00e9dica rechazada injustificadamente"},"content":{"rendered":"\n<p style=\"font-size:17px\">La Corte de Apelaciones de Valdivia acogi\u00f3 el recurso de protecci\u00f3n presentado en contra de la Comisi\u00f3n de Medicina Preventiva e Invalidez y de la Superintendencia de Seguridad Social, orden\u00e1ndole a ambas entidades pagar una&nbsp; licencia m\u00e9dica rechazada sin justificaci\u00f3n, pese a ser prescrita por un facultativo id\u00f3neo y existir antecedentes que avalan la necesidad de reposo.<\/p>\n\n\n\n<p style=\"font-size:17px\">En fallo un\u00e1nime, la Primera Sala del tribunal de alzada \u2013integrada por los ministros Juan Ignacio Correa Rosado, Samuel Mu\u00f1oz Weisz y Carlos Acosta Villegas\u2013 estableci\u00f3 que el actuar de las organizaciones p\u00fablicas al rechazar las licencias m\u00e9dicas por \u201creposo injustificado\u201d es ilegal y arbitrario.<\/p>\n\n\n\n<p style=\"font-size:17px\">\u201cQue en este sentido, carecen de razonabilidad las resoluciones, que sucesivamente, y sin cumplir el est\u00e1ndar m\u00ednimo que es exigible a una decisi\u00f3n administrativa, conforme lo dispone la ley 19.880, no poseen sustento, misma circunstancia que las torna en ilegales y arbitrarias, y particularmente gravosas para los interesados, especialmente cuando ata\u00f1en a situaciones de singular sensibilidad, como el caso que nos convoca, y que merecen una debida y completa explicaci\u00f3n de los \u00f3rganos llamados a ejercer el control debido de los actos de aquellos entes llamados a fiscalizar, frente a una determinaci\u00f3n negativa a sus pretensiones\u201d, establece el fallo.<\/p>\n\n\n\n<p style=\"font-size:17px\">La resoluci\u00f3n agrega: \u201cQue, por lo dem\u00e1s, en la especie no se trata de un derecho indubitado el que se reclama, como lo hace ver el recurrido, sino que lo impugnado se asocia al deber constitucional de la administraci\u00f3n de ajustarse estrictamente a la legalidad vigente, cuyo incumplimiento deviene en ilegitimo el acto, y si de ello importa la privaci\u00f3n de un leg\u00edtimo derecho de los usuarios, sin lugar a dudas que la protecci\u00f3n constitucional necesariamente es, no solo el medio id\u00f3neo, sino pertinente para reclamar de la vulneraci\u00f3n de que han sido v\u00edctima, como procedimiento de cautela urgente de sus derechos\u201d.<\/p>\n\n\n\n<p style=\"font-size:17px\">El tribunal de alzada razona: \u201cQue, as\u00ed las cosas y acorde lo dicho, y careciendo de fundamentos las resoluciones que niegan el subsidio por reposo m\u00e9dico, el cual ha sido prescrito por un facultativo, habi\u00e9ndose adem\u00e1s probado la existencia del tratamiento y el tiempo del cual deviene, as\u00ed como como su causas, a la vez que el contexto en el que se produjo la afectaci\u00f3n psiqui\u00e1trica de la v\u00edctima, a la vez que la falta de elementos objetivos que permitan establecer con meridiana certeza y empat\u00eda, cual es el tiempo de recuperaci\u00f3n correspondiente a la misma, sin que el est\u00e1ndar de ponderaci\u00f3n de aquello haya sido superado por la administraci\u00f3n, solo es posible reparar el da\u00f1o adicional derivado de las incomodidades y molestias causadas con la decisi\u00f3n infundada, y que afectan la salud ps\u00edquica, como el derecho de propiedad de la afectada al privarle del subsidio econ\u00f3mico al que tiene derecho, conforme lo establece el art\u00edculo 19 N\u00b0 1 y 24 de la carta fundamental, con la invalidaci\u00f3n de las resoluciones reclamadas en los t\u00e9rminos que se dir\u00e1 en lo decisorio de la presente sentencia\u201d.<\/p>\n\n\n\n<p style=\"font-size:17px\">Por tanto, se resuelve que: \u201cQue se ACOGE el recurso de protecci\u00f3n interpuesto y se dejan sin efecto las resoluciones de fecha 08 de mayo de 2021, emitida por la Comisi\u00f3n de Medicina Preventiva e Invalidez (Compin), folio de Licencia N\u00b0 (\u2026), la N\u00b0 (\u2026), de fecha 27 de mayo de 2021, y la N\u00b0 (\u2026), de 25 de agosto de 2021, emanadas estas \u00faltimas de la Superintendencia de Seguridad Social, debiendo esta entidad disponer, el pago de la licencia m\u00e9dica N\u00b0 (\u2026), por quien corresponda, dentro de quinto d\u00eda de notificada de la presente sentencia\u201d.<\/p>\n","protected":false},"excerpt":{"rendered":"<p>La Corte de Apelaciones de Valdivia acogi\u00f3 el recurso de protecci\u00f3n presentado en contra de la Comisi\u00f3n de Medicina Preventiva e Invalidez y de la Superintendencia de Seguridad Social, orden\u00e1ndole a ambas entidades pagar una&nbsp; licencia m\u00e9dica rechazada sin justificaci\u00f3n, pese a ser prescrita por un facultativo id\u00f3neo y existir antecedentes que avalan la necesidad&#8230;<a class=\"btnReadMore\" href=\"https:\/\/www.semanariolocal.cl\/?p=3338\"> Leer M\u00e1s<\/a><\/p>\n","protected":false},"author":1,"featured_media":3339,"comment_status":"closed","ping_status":"closed","sticky":false,"template":"","format":"standard","meta":{"footnotes":""},"categories":[3],"tags":[],"class_list":["post-3338","post","type-post","status-publish","format-standard","has-post-thumbnail","hentry","category-al-dia"],"_links":{"self":[{"href":"https:\/\/www.semanariolocal.cl\/index.php?rest_route=\/wp\/v2\/posts\/3338","targetHints":{"allow":["GET"]}}],"collection":[{"href":"https:\/\/www.semanariolocal.cl\/index.php?rest_route=\/wp\/v2\/posts"}],"about":[{"href":"https:\/\/www.semanariolocal.cl\/index.php?rest_route=\/wp\/v2\/types\/post"}],"author":[{"embeddable":true,"href":"https:\/\/www.semanariolocal.cl\/index.php?rest_route=\/wp\/v2\/users\/1"}],"replies":[{"embeddable":true,"href":"https:\/\/www.semanariolocal.cl\/index.php?rest_route=%2Fwp%2Fv2%2Fcomments&post=3338"}],"version-history":[{"count":1,"href":"https:\/\/www.semanariolocal.cl\/index.php?rest_route=\/wp\/v2\/posts\/3338\/revisions"}],"predecessor-version":[{"id":3340,"href":"https:\/\/www.semanariolocal.cl\/index.php?rest_route=\/wp\/v2\/posts\/3338\/revisions\/3340"}],"wp:featuredmedia":[{"embeddable":true,"href":"https:\/\/www.semanariolocal.cl\/index.php?rest_route=\/wp\/v2\/media\/3339"}],"wp:attachment":[{"href":"https:\/\/www.semanariolocal.cl\/index.php?rest_route=%2Fwp%2Fv2%2Fmedia&parent=3338"}],"wp:term":[{"taxonomy":"category","embeddable":true,"href":"https:\/\/www.semanariolocal.cl\/index.php?rest_route=%2Fwp%2Fv2%2Fcategories&post=3338"},{"taxonomy":"post_tag","embeddable":true,"href":"https:\/\/www.semanariolocal.cl\/index.php?rest_route=%2Fwp%2Fv2%2Ftags&post=3338"}],"curies":[{"name":"wp","href":"https:\/\/api.w.org\/{rel}","templated":true}]}}