{"id":3335,"date":"2021-11-30T07:50:00","date_gmt":"2021-11-30T10:50:00","guid":{"rendered":"https:\/\/www.semanariolocal.cl\/?p=3335"},"modified":"2021-11-29T21:59:19","modified_gmt":"2021-11-30T00:59:19","slug":"infectologo-por-omicron-afectara-el-control-que-tenemos-de-la-pandemia","status":"publish","type":"post","link":"https:\/\/www.semanariolocal.cl\/?p=3335","title":{"rendered":"Infect\u00f3logo por \u00d3micron: \u201cafectar\u00e1 el control que tenemos de la pandemia\u201d"},"content":{"rendered":"\n<p style=\"font-size:17px\">Identificada en Sud\u00e1frica y clasificada como \u201cuna variante de preocupaci\u00f3n\u201d por la Organizaci\u00f3n Mundial de la Salud, \u00d3micron ya fue detectada en varios pa\u00edses de Europa en menos de una semana. Con una tasa de transmisi\u00f3n alta, la alerta ya fue acogida por m\u00e1s de 40 pa\u00edses, que han prohibido los viajes desde la zona donde inici\u00f3 el brote.<\/p>\n\n\n\n<p style=\"font-size:17px\">Para el infect\u00f3logo y acad\u00e9mico de la Escuela de Medicina de la Universidad de Santiago, Ignacio Silva, la variante \u00d3micron se caracteriza por tener una importante cantidad de mutaciones. \u201cLa probabilidad de que sea m\u00e1s contagiosa, m\u00e1s agresiva o que evada las respuestas a las vacunas es mayor. Sin embargo, todav\u00eda es muy temprano para saber si, efectivamente, se van a cumplir esas condiciones.&nbsp;Hasta ahora, no tenemos la suficiente investigaci\u00f3n, porque los casos descritos han sido pocos y debe hacerse el seguimiento\u201d, sostuvo.<\/p>\n\n\n\n<p style=\"font-size:17px\">El especialista consider\u00f3 que notificarla como una variante de preocupaci\u00f3n es una decisi\u00f3n preventiva, pero alert\u00f3 sobre la cantidad de casos que se han detectado r\u00e1pidamente en los pa\u00edses que han sido afectados. Sobre todo, en Sud\u00e1frica.<\/p>\n\n\n\n<p style=\"font-size:17px\">\u201cMirando las mutaciones que posee esta variante, comparado con otras de su tipo o con estudios cl\u00ednicos de laboratorio, pareciera ser que esta mutaci\u00f3n en particular se asocia a una mayor evasi\u00f3n de la respuesta inmune, pero todo esto es especulativo\u201d, insisti\u00f3.<\/p>\n\n\n\n<p style=\"font-size:17px\">Finalmente, Silva llam\u00f3 a la poblaci\u00f3n a recordar las medidas preventivas de autocuidado y a que los que a\u00fan no han completado su esquema de vacunaci\u00f3n, lo hagan a la brevedad. Adem\u00e1s, se\u00f1al\u00f3 que la autoridad sanitaria debiera evaluar el generar cuarentenas para viajeros y, quiz\u00e1, retrasar la apertura de fronteras terrestres.<\/p>\n\n\n\n<p style=\"font-size:17px\">\u201cPuede representar una amenaza para la situaci\u00f3n epidemiol\u00f3gica actual. Sabemos que las vacunas que estamos utilizando y las medidas de control son efectivas contra las variantes que circulan actualmente, pero esta variante puede comprometer esta nueva estabilidad, si se confirma que efectivamente es m\u00e1s contagiosa o que evade la respuesta inmune. Claramente, puede desestabilizar el relativo control que tenemos de la pandemia en nuestro pa\u00eds y podr\u00eda generar una nueva ola de contagios\u201d, concluy\u00f3 el acad\u00e9mico.<\/p>\n","protected":false},"excerpt":{"rendered":"<p>El acad\u00e9mico de la Usach, Ignacio Silva, advirti\u00f3 que existe la probabilidad de que esta nueva cepa del coronavirus sea m\u00e1s agresiva que las anteriores y no descart\u00f3 que pueda generar, eventualmente, otra ola de contagios.<\/p>\n","protected":false},"author":1,"featured_media":3336,"comment_status":"closed","ping_status":"closed","sticky":false,"template":"","format":"standard","meta":{"footnotes":""},"categories":[3],"tags":[],"class_list":["post-3335","post","type-post","status-publish","format-standard","has-post-thumbnail","hentry","category-al-dia"],"_links":{"self":[{"href":"https:\/\/www.semanariolocal.cl\/index.php?rest_route=\/wp\/v2\/posts\/3335","targetHints":{"allow":["GET"]}}],"collection":[{"href":"https:\/\/www.semanariolocal.cl\/index.php?rest_route=\/wp\/v2\/posts"}],"about":[{"href":"https:\/\/www.semanariolocal.cl\/index.php?rest_route=\/wp\/v2\/types\/post"}],"author":[{"embeddable":true,"href":"https:\/\/www.semanariolocal.cl\/index.php?rest_route=\/wp\/v2\/users\/1"}],"replies":[{"embeddable":true,"href":"https:\/\/www.semanariolocal.cl\/index.php?rest_route=%2Fwp%2Fv2%2Fcomments&post=3335"}],"version-history":[{"count":1,"href":"https:\/\/www.semanariolocal.cl\/index.php?rest_route=\/wp\/v2\/posts\/3335\/revisions"}],"predecessor-version":[{"id":3337,"href":"https:\/\/www.semanariolocal.cl\/index.php?rest_route=\/wp\/v2\/posts\/3335\/revisions\/3337"}],"wp:featuredmedia":[{"embeddable":true,"href":"https:\/\/www.semanariolocal.cl\/index.php?rest_route=\/wp\/v2\/media\/3336"}],"wp:attachment":[{"href":"https:\/\/www.semanariolocal.cl\/index.php?rest_route=%2Fwp%2Fv2%2Fmedia&parent=3335"}],"wp:term":[{"taxonomy":"category","embeddable":true,"href":"https:\/\/www.semanariolocal.cl\/index.php?rest_route=%2Fwp%2Fv2%2Fcategories&post=3335"},{"taxonomy":"post_tag","embeddable":true,"href":"https:\/\/www.semanariolocal.cl\/index.php?rest_route=%2Fwp%2Fv2%2Ftags&post=3335"}],"curies":[{"name":"wp","href":"https:\/\/api.w.org\/{rel}","templated":true}]}}