{"id":3329,"date":"2021-11-30T07:40:00","date_gmt":"2021-11-30T10:40:00","guid":{"rendered":"https:\/\/www.semanariolocal.cl\/?p=3329"},"modified":"2021-11-29T21:43:56","modified_gmt":"2021-11-30T00:43:56","slug":"positivo-balance-de-resultados-regionales-del-14-estudio-nacional-de-drogas","status":"publish","type":"post","link":"https:\/\/www.semanariolocal.cl\/?p=3329","title":{"rendered":"Positivo balance de resultados regionales del 14\u00b0 Estudio Nacional de Drogas"},"content":{"rendered":"\n<p style=\"font-size:17px\">Al respecto, la directora regional de SENDA Los Lagos, Andrea Castillo Rosas, explic\u00f3 que \u201cen la regi\u00f3n de Los Lagos las prevalencias de consumo de tabaco, alcohol, marihuana y coca\u00edna se mantienen estable referente al estudio anterior, lo cual da cuenta de una tendencia favorable. Adem\u00e1s como regi\u00f3n nos encontramos bajo el promedio nacional. De igual manera resulta positivo el aumento en la percepci\u00f3n de riesgo del consumo de sustancias por parte de nuestra poblaci\u00f3n. Vamos por un buen camino, pero debemos seguir preocupados y ocupados por el bienestar y salud de la poblaci\u00f3n en general y muy especialmente, para proteger a nuestros ni\u00f1os, ni\u00f1as y adolescentes\u201d.<\/p>\n\n\n\n<p style=\"font-size:17px\">El Delegado Presidencial Regional Carlos Geisse, sostuvo \u201cquiero destacar las mediciones e informaci\u00f3n que entrega SENDA porque esto sirve para tomar decisiones y se destaca del informe tres situaciones que se est\u00e1n dando, por un lado que se ha estabilizado el consumo, por otra parte la percepci\u00f3n de riesgo ha aumentado y&nbsp; sobre todo en el alcohol y en la coca\u00edna. El tercer&nbsp;factor que no tiene que ver con el &nbsp;estudio sino con las polic\u00edas es el aumento de la incautaciones de este a\u00f1o, eso demuestra que el trabajo que se est\u00e1 haciendo en conjunto da resultados, porque aqu\u00ed lo peligroso y lo grave es la triada&nbsp;donde hay drogas y si hay armas hay violencia y esas tres cosas juntas es lo m\u00e1s grave que podemos tener,&nbsp; partiendo de la base que la droga es da\u00f1ina y esa percepci\u00f3n de riesgo ha aumentado en la poblaci\u00f3n y ese es un factor importante\u201d.<\/p>\n\n\n\n<p style=\"font-size:17px\">En el caso del alcohol, el estudio muestra que el consumo de alcohol en el \u00faltimo mes no var\u00eda respecto al estudio anterior, de 25,5% en 2018 a 29,2% en 2020. Este resultado ubica a la regi\u00f3n por debajo de la media nacional (44,3%).<\/p>\n\n\n\n<p style=\"font-size:17px\">Por otra parte, los reportes de estudio muestran que el uso de marihuana en el \u00faltimo a\u00f1o se ha mantenido estable, pasando de 6,6% en 2018 a 6,0% en 2020. Este resultado ubica a la regi\u00f3n bajo el promedio nacional respecto al uso de esta droga (11,4%).<\/p>\n\n\n\n<p style=\"font-size:17px\">Los datos muestran que el uso de coca\u00edna total (coca\u00edna y\/o pasta base) en el \u00faltimo a\u00f1o se ha mantenido estable, pasando de 0,6% en 2018 a 0,7% en 2020. Este resultado ubica a la regi\u00f3n en el promedio nacional respecto al uso de esta droga (0,7%).<\/p>\n\n\n\n<p style=\"font-size:17px\"><strong><em><u>Percepci\u00f3n de riesgo:<\/u><\/em><\/strong><\/p>\n\n\n\n<p style=\"font-size:17px\">La percepci\u00f3n de riesgo de uso de alcohol de 5 o m\u00e1s tragos al d\u00eda aumenta (68,5% en 2018 a 82,7% en 2020). En el caso de marihuana, la percepci\u00f3n de riesgo de uso experimental pasa de 33,4% en 2018 a 39,7% en 2020, lo que significa una variaci\u00f3n al alza respecto al estudio anterior.<\/p>\n\n\n\n<p style=\"font-size:17px\">Respecto a la percepci\u00f3n de riesgo de uso experimental de coca\u00edna, esta var\u00eda al alza respecto a 2018 en la regi\u00f3n pasando de 58,2% a 70,4%. Finalmente, para pasta base la percepci\u00f3n de riesgo de uso experimental muestra tambi\u00e9n un aumento, llegando a 79,1% en la presente versi\u00f3n (65,5% en 2018).<\/p>\n","protected":false},"excerpt":{"rendered":"<p>La directora regional de SENDA Los Lagos, Andrea Castillo Rosas, junto al Delegado Presidencial Regional Carlos Geisse, dieron a conocer los resultados regionales del 14\u00b0 Estudio Nacional de Drogas en Poblaci\u00f3n General, el que arroj\u00f3 cifras positivas, ya que se mantienen estable referente al estudio anterior, lo cual da cuenta de una tendencia favorable, adem\u00e1s de encontrarse  por debajo de la media nacional.   <\/p>\n","protected":false},"author":1,"featured_media":3330,"comment_status":"closed","ping_status":"closed","sticky":false,"template":"","format":"standard","meta":{"footnotes":""},"categories":[3],"tags":[],"class_list":["post-3329","post","type-post","status-publish","format-standard","has-post-thumbnail","hentry","category-al-dia"],"_links":{"self":[{"href":"https:\/\/www.semanariolocal.cl\/index.php?rest_route=\/wp\/v2\/posts\/3329","targetHints":{"allow":["GET"]}}],"collection":[{"href":"https:\/\/www.semanariolocal.cl\/index.php?rest_route=\/wp\/v2\/posts"}],"about":[{"href":"https:\/\/www.semanariolocal.cl\/index.php?rest_route=\/wp\/v2\/types\/post"}],"author":[{"embeddable":true,"href":"https:\/\/www.semanariolocal.cl\/index.php?rest_route=\/wp\/v2\/users\/1"}],"replies":[{"embeddable":true,"href":"https:\/\/www.semanariolocal.cl\/index.php?rest_route=%2Fwp%2Fv2%2Fcomments&post=3329"}],"version-history":[{"count":1,"href":"https:\/\/www.semanariolocal.cl\/index.php?rest_route=\/wp\/v2\/posts\/3329\/revisions"}],"predecessor-version":[{"id":3331,"href":"https:\/\/www.semanariolocal.cl\/index.php?rest_route=\/wp\/v2\/posts\/3329\/revisions\/3331"}],"wp:featuredmedia":[{"embeddable":true,"href":"https:\/\/www.semanariolocal.cl\/index.php?rest_route=\/wp\/v2\/media\/3330"}],"wp:attachment":[{"href":"https:\/\/www.semanariolocal.cl\/index.php?rest_route=%2Fwp%2Fv2%2Fmedia&parent=3329"}],"wp:term":[{"taxonomy":"category","embeddable":true,"href":"https:\/\/www.semanariolocal.cl\/index.php?rest_route=%2Fwp%2Fv2%2Fcategories&post=3329"},{"taxonomy":"post_tag","embeddable":true,"href":"https:\/\/www.semanariolocal.cl\/index.php?rest_route=%2Fwp%2Fv2%2Ftags&post=3329"}],"curies":[{"name":"wp","href":"https:\/\/api.w.org\/{rel}","templated":true}]}}