{"id":3323,"date":"2021-11-30T07:30:00","date_gmt":"2021-11-30T10:30:00","guid":{"rendered":"https:\/\/www.semanariolocal.cl\/?p=3323"},"modified":"2021-11-29T21:27:37","modified_gmt":"2021-11-30T00:27:37","slug":"el-agua-es-alimento","status":"publish","type":"post","link":"https:\/\/www.semanariolocal.cl\/?p=3323","title":{"rendered":"El agua es alimento"},"content":{"rendered":"\n<p style=\"font-size:17px\">El problema del cambio clim\u00e1tico, y en particular la escasez h\u00eddrica, ha copado la agenda de varios medios, foros y seminarios, incluso ha sido tema de debates entre las pr\u00f3ximas autoridades. La sequ\u00eda, pas\u00f3 de ser una emergencia puntual a una condici\u00f3n estructural, planteando grandes desaf\u00edos no solo para la agricultura sino tambi\u00e9n para las distintas actividades que se desarrollan en las ciudades y en el mundo rural.&nbsp;&nbsp;<\/p>\n\n\n\n<p style=\"font-size:17px\">Este nuevo escenario exige un cambio de mirada de todo el sector p\u00fablico, las empresas, las familias y las personas. Cambios que requerir\u00e1n de m\u00e1s adaptaci\u00f3n, capacidad de innovar y mayor conciencia sobre el uso de este bien tan escaso como es el agua, y tan vital no solo para beber sino tambi\u00e9n para alimentar, porque s\u00ed, el agua es alimento. Sin ella en nuestros campos no tendremos alimentos en nuestras mesas y por eso uno de los mayores retos que tenemos por delante es equilibrar sus usos, asegurando su disponibilidad para los hogares, las labores productivas y los ecosistemas.&nbsp;<\/p>\n\n\n\n<p style=\"font-size:17px\">Por esto, desde MINAGRI y en el marco del Plan Sequ\u00eda del Gobierno, hemos declarado emergencia agr\u00edcola en 226 comunas de 9 regiones (m\u00e1s de dos tercios del total de comunas del pa\u00eds y gran parte del territorio nacional) e impulsado un plan de emergencia por m\u00e1s de $30 mil millones para 2021, mientras que en 2022 dispondremos de cerca de $155 mil millones solo para riego. Lo anterior, se suma a una serie de iniciativas interministeriales y de colaboraci\u00f3n entre actores del mundo p\u00fablico, privado, de la sociedad civil y la academia para enfrentar este futuro que est\u00e1 cada vez m\u00e1s en el presente, con acciones de largo plazo en torno a una nueva institucionalidad, gesti\u00f3n de cuencas, protecci\u00f3n de humedales y glaciares, infraestructura h\u00eddrica, fortalecimiento de organizaciones de usuarios, desalaci\u00f3n y fomento a la investigaci\u00f3n, entre otras.&nbsp;<\/p>\n\n\n\n<p style=\"font-size:17px\">Esta semana&nbsp;<strong>(mi\u00e9rcoles 1 de diciembre)<\/strong>&nbsp;se votar\u00e1n las indicaciones de la Ley de Riego que hemos propuesto para asegurar la alimentaci\u00f3n de los chilenos y chilenas en los pr\u00f3ximos a\u00f1os, un proyecto que escuchando a los territorios se ha adaptado para los nuevos tiempos, posibilitando el acceso de peque\u00f1os y medianos agricultores a riego tecnificado, construcci\u00f3n y mejoramiento de obras; excluyendo del subsidio a grandes empresas; incorporando objetivos ambientales y estableciendo la posibilidad de hacer concursos especiales ante emergencias. Hago un llamado a los parlamentarios de las distintas regiones a apoyar esta Ley y seguir siendo parte de la soluci\u00f3n por el bien de la ruralidad y la seguridad alimentaria del pa\u00eds.&nbsp;<\/p>\n","protected":false},"excerpt":{"rendered":"<p>El problema del cambio clim\u00e1tico, y en particular la escasez h\u00eddrica, ha copado la agenda de varios medios, foros y seminarios, incluso ha sido tema de debates entre las pr\u00f3ximas autoridades. La sequ\u00eda, pas\u00f3 de ser una emergencia puntual a una condici\u00f3n estructural, planteando grandes desaf\u00edos no solo para la agricultura sino tambi\u00e9n para las&#8230;<a class=\"btnReadMore\" href=\"https:\/\/www.semanariolocal.cl\/?p=3323\"> Leer M\u00e1s<\/a><\/p>\n","protected":false},"author":1,"featured_media":3324,"comment_status":"closed","ping_status":"closed","sticky":false,"template":"","format":"standard","meta":{"footnotes":""},"categories":[7],"tags":[],"class_list":["post-3323","post","type-post","status-publish","format-standard","has-post-thumbnail","hentry","category-opinion"],"_links":{"self":[{"href":"https:\/\/www.semanariolocal.cl\/index.php?rest_route=\/wp\/v2\/posts\/3323","targetHints":{"allow":["GET"]}}],"collection":[{"href":"https:\/\/www.semanariolocal.cl\/index.php?rest_route=\/wp\/v2\/posts"}],"about":[{"href":"https:\/\/www.semanariolocal.cl\/index.php?rest_route=\/wp\/v2\/types\/post"}],"author":[{"embeddable":true,"href":"https:\/\/www.semanariolocal.cl\/index.php?rest_route=\/wp\/v2\/users\/1"}],"replies":[{"embeddable":true,"href":"https:\/\/www.semanariolocal.cl\/index.php?rest_route=%2Fwp%2Fv2%2Fcomments&post=3323"}],"version-history":[{"count":1,"href":"https:\/\/www.semanariolocal.cl\/index.php?rest_route=\/wp\/v2\/posts\/3323\/revisions"}],"predecessor-version":[{"id":3325,"href":"https:\/\/www.semanariolocal.cl\/index.php?rest_route=\/wp\/v2\/posts\/3323\/revisions\/3325"}],"wp:featuredmedia":[{"embeddable":true,"href":"https:\/\/www.semanariolocal.cl\/index.php?rest_route=\/wp\/v2\/media\/3324"}],"wp:attachment":[{"href":"https:\/\/www.semanariolocal.cl\/index.php?rest_route=%2Fwp%2Fv2%2Fmedia&parent=3323"}],"wp:term":[{"taxonomy":"category","embeddable":true,"href":"https:\/\/www.semanariolocal.cl\/index.php?rest_route=%2Fwp%2Fv2%2Fcategories&post=3323"},{"taxonomy":"post_tag","embeddable":true,"href":"https:\/\/www.semanariolocal.cl\/index.php?rest_route=%2Fwp%2Fv2%2Ftags&post=3323"}],"curies":[{"name":"wp","href":"https:\/\/api.w.org\/{rel}","templated":true}]}}