{"id":3320,"date":"2021-11-29T21:13:06","date_gmt":"2021-11-30T00:13:06","guid":{"rendered":"https:\/\/www.semanariolocal.cl\/?p=3320"},"modified":"2021-11-29T21:13:06","modified_gmt":"2021-11-30T00:13:06","slug":"ciclista-puertomontina-obtuvo-medalla-de-bronce-en-juegos-panamericanos","status":"publish","type":"post","link":"https:\/\/www.semanariolocal.cl\/?p=3320","title":{"rendered":"Ciclista puertomontina obtuvo medalla de bronce en  Juegos Panamericanos"},"content":{"rendered":"\n<p style=\"font-size:17px\">La ciclista puertomontina, Nya Mansilla Mancilla, del programa \u201cPromesas Chile\u201d y del Club Melipulli, logr\u00f3 una medalla de bronce en la prueba de persecuci\u00f3n por equipos en los Primeros Juegos Panamericanos Junior Cali 2021.<\/p>\n\n\n\n<p style=\"font-size:17px\">La cuarteta de persecuci\u00f3n femenina por equipos estuvo conformada adem\u00e1s por las seleccionadas nacionales, Catalina Soto, Khamila Sep\u00falveda y Scarlet Cort\u00e9s.<\/p>\n\n\n\n<p style=\"font-size:17px\">El t\u00e9cnico del programa \u201cPromesas Chile\u201d que entrena a Nya Mansilla, resalt\u00f3 el trabajo realizado por la ciclista durante los \u00faltimos a\u00f1os, mencionando que \u201cNya ha luchado por muchos a\u00f1os por ser seleccionada chilena y llegar a un campeonato panamericano y coincidi\u00f3 estar en los Primeros Juegos Panamericanos Junior y haber obtenido una medalla de bronce en la persecuci\u00f3n por equipos, para m\u00ed es un tremendo orgullo como t\u00e9cnico porque ella est\u00e1 entrenando desde los 10 a\u00f1os y actualmente, tiene 18 a\u00f1os, por lo que estoy contento por este resultado. Ahora pasar\u00e1 a ser deportista Proddar, que seguir\u00e1 entrenando y corriendo. Es un logro que se merece por el sacrificio y el esfuerzo que ha tenido. Nos queda la prueba de ruta el 02 de diciembre, esperemos que tenga una muy buena participaci\u00f3n porque es su especialidad. Agradecemos a toda la gente, que ha ayudado para que Nya pueda salir adelante\u201d.<\/p>\n\n\n\n<p style=\"font-size:17px\">Por su parte, el Seremi del Deporte, Claus Lindemann, felicit\u00f3 a Nya por este triunfo, manifestando que \u201cestamos contentos con la medalla de bronce de Nya en estos Juegos Panamericanos Junior, una gran deportista de la regi\u00f3n del programa \u201cPromesas Chile\u201d, que est\u00e1 representando al pa\u00eds y a quien felicitamos junto al t\u00e9cnico, Luis Alvarado y deseamos mucho \u00e9xito en las siguientes competencias\u201d.<\/p>\n\n\n\n<p style=\"font-size:17px\">La pr\u00f3xima prueba que tendr\u00e1 que disputar Nya Mansilla, es la competencia de ruta individual femenina, el jueves 02 de diciembre, en Cali- Colombia<\/p>\n","protected":false},"excerpt":{"rendered":"<p>Se trata de Nya Mansilla, seleccionada nacional, que destac\u00f3 en la prueba de persecuci\u00f3n femenina por equipos.<\/p>\n","protected":false},"author":1,"featured_media":3321,"comment_status":"closed","ping_status":"closed","sticky":false,"template":"","format":"standard","meta":{"footnotes":""},"categories":[3],"tags":[],"class_list":["post-3320","post","type-post","status-publish","format-standard","has-post-thumbnail","hentry","category-al-dia"],"_links":{"self":[{"href":"https:\/\/www.semanariolocal.cl\/index.php?rest_route=\/wp\/v2\/posts\/3320","targetHints":{"allow":["GET"]}}],"collection":[{"href":"https:\/\/www.semanariolocal.cl\/index.php?rest_route=\/wp\/v2\/posts"}],"about":[{"href":"https:\/\/www.semanariolocal.cl\/index.php?rest_route=\/wp\/v2\/types\/post"}],"author":[{"embeddable":true,"href":"https:\/\/www.semanariolocal.cl\/index.php?rest_route=\/wp\/v2\/users\/1"}],"replies":[{"embeddable":true,"href":"https:\/\/www.semanariolocal.cl\/index.php?rest_route=%2Fwp%2Fv2%2Fcomments&post=3320"}],"version-history":[{"count":1,"href":"https:\/\/www.semanariolocal.cl\/index.php?rest_route=\/wp\/v2\/posts\/3320\/revisions"}],"predecessor-version":[{"id":3322,"href":"https:\/\/www.semanariolocal.cl\/index.php?rest_route=\/wp\/v2\/posts\/3320\/revisions\/3322"}],"wp:featuredmedia":[{"embeddable":true,"href":"https:\/\/www.semanariolocal.cl\/index.php?rest_route=\/wp\/v2\/media\/3321"}],"wp:attachment":[{"href":"https:\/\/www.semanariolocal.cl\/index.php?rest_route=%2Fwp%2Fv2%2Fmedia&parent=3320"}],"wp:term":[{"taxonomy":"category","embeddable":true,"href":"https:\/\/www.semanariolocal.cl\/index.php?rest_route=%2Fwp%2Fv2%2Fcategories&post=3320"},{"taxonomy":"post_tag","embeddable":true,"href":"https:\/\/www.semanariolocal.cl\/index.php?rest_route=%2Fwp%2Fv2%2Ftags&post=3320"}],"curies":[{"name":"wp","href":"https:\/\/api.w.org\/{rel}","templated":true}]}}