{"id":3317,"date":"2021-11-29T21:09:36","date_gmt":"2021-11-30T00:09:36","guid":{"rendered":"https:\/\/www.semanariolocal.cl\/?p=3317"},"modified":"2021-11-29T21:09:37","modified_gmt":"2021-11-30T00:09:37","slug":"buscan-premiar-a-personas-con-discapacidad-y-destacadas-en-10-ambitos-de-la-sociedad","status":"publish","type":"post","link":"https:\/\/www.semanariolocal.cl\/?p=3317","title":{"rendered":"Buscan premiar a personas con discapacidad y destacadas en 10 \u00e1mbitos de la sociedad"},"content":{"rendered":"\n<p style=\"font-size:17px\">Por primera vez en Latinoam\u00e9rica, se premiar\u00e1 a personas con discapacidad destacadas en 10 \u00e1mbitos de la sociedad: Los Disability Awards Chile sentar\u00e1n un precedente en el que m\u00e1s de 60 participantes ser\u00e1n fuente de inspiraci\u00f3n para los chilenos.<\/p>\n\n\n\n<p style=\"font-size:17px\">El certamen es organizado por <a href=\"http:\/\/fundalurp.cl\/\">Fundalurp<\/a> (Fundaci\u00f3n Lucha contra la Retinitis Pigmentosa), con una larga trayectoria en innovaci\u00f3n en temas de discapacidad: cre\u00f3 el primer centro integral de rehabilitaci\u00f3n para personas en situaci\u00f3n de discapacidad visual y sus familias, el primer programa de televisi\u00f3n sobre discapacidad, celebr\u00f3 en reiteradas oportunidades el evento \u201cCiegos a manejar\u201d (donde personas ciegas pod\u00edan conducir un autom\u00f3vil), y la primera escuela de perros gu\u00eda en Chile.<\/p>\n\n\n\n<p style=\"font-size:17px\">Los Disability Awards, tal como todas las iniciativas de Fundalurp, es organizado por personas con discapacidad y el pr\u00f3ximo 2 de diciembre, a las 19 horas, galardonar\u00e1 a los ganadores de estos premios en el hotel Hyatt de Santiago, con un show de m\u00fasica y humor con el sello Fundalurp: Sobre el escenario brillar\u00e1n personas con discapacidad.<\/p>\n\n\n\n<p style=\"font-size:17px\">Los ganadores resultar\u00e1n elegidos de los m\u00e1s votados en el sitio www.disabilityawards.org hasta el 30 de noviembre, donde se puede elegir un ganador entre las siguientes categor\u00edas: deporte, derecho, m\u00fasica, humor, televisi\u00f3n radio, accesibilidad, agrupaciones, promotor y empresas.<\/p>\n\n\n\n<p style=\"font-size:17px\">El presidente de Fundalurp, Gustavo Serrano, coment\u00f3 que \u201cEsta es una gran oportunidad que encontramos como fundaci\u00f3n para poder destacar a tantas personas que merecen ser visibilizadas por su gran trabajo y para quienes la discapacidad no es una excusa, al contrario, muchas veces es el motor que los impulsa en sus vidas. Sabemos que la lista de nominados tendr\u00eda que ser mucho m\u00e1s larga. Los invito a participar votando por sus favoritos\u201d.<\/p>\n\n\n\n<p style=\"font-size:17px\">Puedes votar en <a href=\"http:\/\/www.disabilityawards.org\">www.disabilityawards.org<\/a><\/p>\n","protected":false},"excerpt":{"rendered":"<p>Los \u201cDisability Awards Chile\u201d, organizados por Fundalurp, tendr\u00e1n su gran cierre el 2 de diciembre en el Hotel Hyatt, con un show que ofrecer\u00e1 m\u00fasica y humor a cargo de personas con discapacidad.<\/p>\n","protected":false},"author":1,"featured_media":3318,"comment_status":"closed","ping_status":"closed","sticky":false,"template":"","format":"standard","meta":{"footnotes":""},"categories":[3],"tags":[],"class_list":["post-3317","post","type-post","status-publish","format-standard","has-post-thumbnail","hentry","category-al-dia"],"_links":{"self":[{"href":"https:\/\/www.semanariolocal.cl\/index.php?rest_route=\/wp\/v2\/posts\/3317","targetHints":{"allow":["GET"]}}],"collection":[{"href":"https:\/\/www.semanariolocal.cl\/index.php?rest_route=\/wp\/v2\/posts"}],"about":[{"href":"https:\/\/www.semanariolocal.cl\/index.php?rest_route=\/wp\/v2\/types\/post"}],"author":[{"embeddable":true,"href":"https:\/\/www.semanariolocal.cl\/index.php?rest_route=\/wp\/v2\/users\/1"}],"replies":[{"embeddable":true,"href":"https:\/\/www.semanariolocal.cl\/index.php?rest_route=%2Fwp%2Fv2%2Fcomments&post=3317"}],"version-history":[{"count":1,"href":"https:\/\/www.semanariolocal.cl\/index.php?rest_route=\/wp\/v2\/posts\/3317\/revisions"}],"predecessor-version":[{"id":3319,"href":"https:\/\/www.semanariolocal.cl\/index.php?rest_route=\/wp\/v2\/posts\/3317\/revisions\/3319"}],"wp:featuredmedia":[{"embeddable":true,"href":"https:\/\/www.semanariolocal.cl\/index.php?rest_route=\/wp\/v2\/media\/3318"}],"wp:attachment":[{"href":"https:\/\/www.semanariolocal.cl\/index.php?rest_route=%2Fwp%2Fv2%2Fmedia&parent=3317"}],"wp:term":[{"taxonomy":"category","embeddable":true,"href":"https:\/\/www.semanariolocal.cl\/index.php?rest_route=%2Fwp%2Fv2%2Fcategories&post=3317"},{"taxonomy":"post_tag","embeddable":true,"href":"https:\/\/www.semanariolocal.cl\/index.php?rest_route=%2Fwp%2Fv2%2Ftags&post=3317"}],"curies":[{"name":"wp","href":"https:\/\/api.w.org\/{rel}","templated":true}]}}