{"id":3301,"date":"2021-11-27T23:05:24","date_gmt":"2021-11-28T02:05:24","guid":{"rendered":"https:\/\/www.semanariolocal.cl\/?p=3301"},"modified":"2021-11-27T23:05:24","modified_gmt":"2021-11-28T02:05:24","slug":"tenimesista-manuel-moya-dirigio-una-clinica-de-entrenamiento-en-puerto-montt","status":"publish","type":"post","link":"https:\/\/www.semanariolocal.cl\/?p=3301","title":{"rendered":"Tenimesista Manuel Moya dirigi\u00f3 una Cl\u00ednica de Entrenamiento en Puerto Montt"},"content":{"rendered":"\n<p style=\"font-size:17px\">Deportistas \u201cPromesas Chile\u201d de Tenis de Mesa de la regi\u00f3n asistieron a una Cl\u00ednica Deportiva, realizada en el Centro Deportivo IND en Puerto Montt.<\/p>\n\n\n\n<p style=\"font-size:17px\">La actividad fue organizada por el Departamento de Alto Rendimiento y Competitivo de Mindep IND y consisti\u00f3 en una Cl\u00ednica de entrenamiento de Tenis de Mesa dirigida por el destacado deportista nacional, Manuel Moya.<\/p>\n\n\n\n<p style=\"font-size:17px\">En la ocasi\u00f3n, el expositor gui\u00f3 una sesi\u00f3n de entrenamiento de esta disciplina con las caracter\u00edsticas propias de iniciaci\u00f3n al Alto Rendimiento; manejando las cargas en funci\u00f3n de deportistas que no son especialistas.<\/p>\n\n\n\n<p style=\"font-size:17px\">El evento cont\u00f3 con la presencia del Director Regional del IND, Matias Bahamonde y el Seremi del Deporte, Claus Lindemann quien se\u00f1al\u00f3 que \u201cquiero agradecer esta importante visita del tenimesista Manuel Moya, doble medallista de los Juegos Sudamericanos 2014, Campe\u00f3n Sudamericano por equipo 2015, Campe\u00f3n Latinoamericano doble 2012, Vicecampe\u00f3n Sudamericano por equipo 2018 y Vicecampe\u00f3n Sudamericano adulto 2019, quien realiz\u00f3 una Cl\u00ednica Deportiva bajo el programa \u201cPromesas Chile\u201d, con la participaci\u00f3n de deportistas de Osorno y Puerto Montt\u201d.<\/p>\n","protected":false},"excerpt":{"rendered":"<p>El deportista comparti\u00f3 su experiencia de c\u00f3mo lleg\u00f3 a entrenar a nivel de Alto Rendimiento, en una actividad efectuada en la capital regional.<\/p>\n","protected":false},"author":1,"featured_media":3302,"comment_status":"closed","ping_status":"closed","sticky":false,"template":"","format":"standard","meta":{"footnotes":""},"categories":[3],"tags":[],"class_list":["post-3301","post","type-post","status-publish","format-standard","has-post-thumbnail","hentry","category-al-dia"],"_links":{"self":[{"href":"https:\/\/www.semanariolocal.cl\/index.php?rest_route=\/wp\/v2\/posts\/3301","targetHints":{"allow":["GET"]}}],"collection":[{"href":"https:\/\/www.semanariolocal.cl\/index.php?rest_route=\/wp\/v2\/posts"}],"about":[{"href":"https:\/\/www.semanariolocal.cl\/index.php?rest_route=\/wp\/v2\/types\/post"}],"author":[{"embeddable":true,"href":"https:\/\/www.semanariolocal.cl\/index.php?rest_route=\/wp\/v2\/users\/1"}],"replies":[{"embeddable":true,"href":"https:\/\/www.semanariolocal.cl\/index.php?rest_route=%2Fwp%2Fv2%2Fcomments&post=3301"}],"version-history":[{"count":1,"href":"https:\/\/www.semanariolocal.cl\/index.php?rest_route=\/wp\/v2\/posts\/3301\/revisions"}],"predecessor-version":[{"id":3303,"href":"https:\/\/www.semanariolocal.cl\/index.php?rest_route=\/wp\/v2\/posts\/3301\/revisions\/3303"}],"wp:featuredmedia":[{"embeddable":true,"href":"https:\/\/www.semanariolocal.cl\/index.php?rest_route=\/wp\/v2\/media\/3302"}],"wp:attachment":[{"href":"https:\/\/www.semanariolocal.cl\/index.php?rest_route=%2Fwp%2Fv2%2Fmedia&parent=3301"}],"wp:term":[{"taxonomy":"category","embeddable":true,"href":"https:\/\/www.semanariolocal.cl\/index.php?rest_route=%2Fwp%2Fv2%2Fcategories&post=3301"},{"taxonomy":"post_tag","embeddable":true,"href":"https:\/\/www.semanariolocal.cl\/index.php?rest_route=%2Fwp%2Fv2%2Ftags&post=3301"}],"curies":[{"name":"wp","href":"https:\/\/api.w.org\/{rel}","templated":true}]}}