{"id":3298,"date":"2021-11-27T10:53:00","date_gmt":"2021-11-27T13:53:00","guid":{"rendered":"https:\/\/www.semanariolocal.cl\/?p=3298"},"modified":"2021-11-27T23:01:57","modified_gmt":"2021-11-28T02:01:57","slug":"alumnas-de-podologia-del-cft-santo-tomas-atendieron-a-adultos-mayores","status":"publish","type":"post","link":"https:\/\/www.semanariolocal.cl\/?p=3298","title":{"rendered":"Alumnas de podolog\u00eda del CFT Santo Tom\u00e1s  atendieron a adultos mayores"},"content":{"rendered":"\n<p style=\"font-size:17px\">Un grupo de 10 alumnas de la carrera de T\u00e9cnico en Podolog\u00eda Cl\u00ednica, del Centro de Formaci\u00f3n T\u00e9cnica Santo Tom\u00e1s sede Osorno acompa\u00f1adas de docentes del \u00e1rea, realizaron un operativo de atenci\u00f3n podol\u00f3gica a un grupo de adultos mayores en el sector de Pucatrihue, en San Juan de la Costa.<\/p>\n\n\n\n<p style=\"font-size:17px\">La actividad fue organizada por el Cesfam de dicha comuna, en compa\u00f1\u00eda del \u00e1rea de Salud del CFT Santo Tom\u00e1s, la que consisti\u00f3 en entregar una atenci\u00f3n b\u00e1sica, masaje podal y charla educativa para prevenir enfermedades o patolog\u00edas que puedan afectar a nuestro diario vivir, en especial a los adultos mayores con antecedentes de diabetes mellitus.<\/p>\n\n\n\n<p style=\"font-size:17px\">Karina Purralef Paredes, jefa de la carrera de T\u00e9cnico en Podolog\u00eda Cl\u00ednica indic\u00f3 que&nbsp;<em>\u201cpara Santo Tom\u00e1s es importante realizar este tipo de actividades, ya que los estudiantes pueden tener vinculaci\u00f3n con el medio y pueden enfrentarse a lo que ser\u00e1 el \u00e1rea laboral que emprender\u00e1n a futuro\u201d.<\/em><\/p>\n\n\n\n<p style=\"font-size:17px\"><em>Las alumnas, por su parte, manifestaron que \u201ccomo carrera estamos dispuestas a prestar atenciones gratuitas a la comunidad y brindar una atenci\u00f3n \u00edntegra y oportuna a cada uno de nuestros adultos mayores\u201d.<\/em><\/p>\n","protected":false},"excerpt":{"rendered":"<p>El objetivo de esta actividad fue brindar una atenci\u00f3n podol\u00f3gica a las y los adultos mayores, que viven en zonas rurales de la comuna de San Juan de la Costa.<\/p>\n","protected":false},"author":1,"featured_media":3299,"comment_status":"closed","ping_status":"closed","sticky":false,"template":"","format":"standard","meta":{"footnotes":""},"categories":[3],"tags":[],"class_list":["post-3298","post","type-post","status-publish","format-standard","has-post-thumbnail","hentry","category-al-dia"],"_links":{"self":[{"href":"https:\/\/www.semanariolocal.cl\/index.php?rest_route=\/wp\/v2\/posts\/3298","targetHints":{"allow":["GET"]}}],"collection":[{"href":"https:\/\/www.semanariolocal.cl\/index.php?rest_route=\/wp\/v2\/posts"}],"about":[{"href":"https:\/\/www.semanariolocal.cl\/index.php?rest_route=\/wp\/v2\/types\/post"}],"author":[{"embeddable":true,"href":"https:\/\/www.semanariolocal.cl\/index.php?rest_route=\/wp\/v2\/users\/1"}],"replies":[{"embeddable":true,"href":"https:\/\/www.semanariolocal.cl\/index.php?rest_route=%2Fwp%2Fv2%2Fcomments&post=3298"}],"version-history":[{"count":1,"href":"https:\/\/www.semanariolocal.cl\/index.php?rest_route=\/wp\/v2\/posts\/3298\/revisions"}],"predecessor-version":[{"id":3300,"href":"https:\/\/www.semanariolocal.cl\/index.php?rest_route=\/wp\/v2\/posts\/3298\/revisions\/3300"}],"wp:featuredmedia":[{"embeddable":true,"href":"https:\/\/www.semanariolocal.cl\/index.php?rest_route=\/wp\/v2\/media\/3299"}],"wp:attachment":[{"href":"https:\/\/www.semanariolocal.cl\/index.php?rest_route=%2Fwp%2Fv2%2Fmedia&parent=3298"}],"wp:term":[{"taxonomy":"category","embeddable":true,"href":"https:\/\/www.semanariolocal.cl\/index.php?rest_route=%2Fwp%2Fv2%2Fcategories&post=3298"},{"taxonomy":"post_tag","embeddable":true,"href":"https:\/\/www.semanariolocal.cl\/index.php?rest_route=%2Fwp%2Fv2%2Ftags&post=3298"}],"curies":[{"name":"wp","href":"https:\/\/api.w.org\/{rel}","templated":true}]}}