{"id":3295,"date":"2021-11-27T08:30:00","date_gmt":"2021-11-27T11:30:00","guid":{"rendered":"https:\/\/www.semanariolocal.cl\/?p=3295"},"modified":"2021-11-27T22:53:23","modified_gmt":"2021-11-28T01:53:23","slug":"mas-de-10-mil-personas-indigenas-de-chiloe-podran-participar-elecciones-de-consejeros-indigenas","status":"publish","type":"post","link":"https:\/\/www.semanariolocal.cl\/?p=3295","title":{"rendered":"M\u00e1s de 10 mil personas ind\u00edgenas de Chilo\u00e9 podr\u00e1n participar elecciones de Consejeros Ind\u00edgenas"},"content":{"rendered":"\n<p style=\"font-size:17px\">Hasta el sector de Chanquin en la comuna de Chonchi lleg\u00f3 el Seremi de Desarrollo Social y Familia, Manuel Obando Vargas junto al Director Regional de CONADI, Cristi\u00e1n Soto y el Delegado Presidencial Provincial de Chilo\u00e9, Pedro Andrade para reunirse con el Cacique, Roberto Panichine para conocer su trabajo como artesano en la confecci\u00f3n de Violines Chilotes, tradici\u00f3n familiar que se ha traspasado por 3 generaciones y que \u00e9l ha desarrollado por m\u00e1s de 30 a\u00f1os. Adicionalmente, las autoridades informaron detalles del proceso de elecciones para consejeros ind\u00edgenas ante CONADI.<\/p>\n\n\n\n<p style=\"font-size:17px\">\u201cQuiero invitarlos para este 5 diciembre a la elecci\u00f3n de los consejeros nacionales del pueblo ind\u00edgena. Vamos a tener la disposici\u00f3n de todas las mesas donde invitamos a los pueblos, a las comunidades y a todas las personas que tengan la calidad de ind\u00edgena a poder votar. Es una instancia muy importante donde las comunidades podr\u00e1n elegir a sus representantes con el fin de generar mayores pol\u00edticas y acciones con profundo respeto la identidad, cultura y tradiciones ind\u00edgenas\u201d destac\u00f3 el Seremi de Desarrollo Social y Familia, Manuel Obando Vargas.<\/p>\n\n\n\n<p style=\"font-size:17px\">La votaci\u00f3n fue fijada para el domingo 5 de diciembre en todo el pa\u00eds, en la que pueden participar personas integrantes de comunidades y asociaciones ind\u00edgenas, y personas con calidad ind\u00edgena inscritas en el Registro Especial Ind\u00edgena (REI). En la regi\u00f3n de Los Lagos son alrededor de 33 mil las personas habilitadas para participar de este proceso, mientras que en la provincia de Chilo\u00e9 son m\u00e1s de 10 mil,&nbsp; existir\u00e1n 66 locales de votaci\u00f3n, para mayor informaci\u00f3n revisar en <a href=\"about:blank\">www.conadi.gob.cl<\/a>&nbsp;<\/p>\n\n\n\n<p style=\"font-size:17px\">Por su parte el Cacique Roberto Panichine se\u00f1al\u00f3 \u201caprovecho esta instancia para invitar a la comunidades ind\u00edgenas a votar el 5 de diciembre y elegir a nuestros consejeros nacionales. Ojal\u00e1 Dios quiera que salga una persona que trabaje con buen fundamento, con todos sus sentidos y que haga el bien para todos nosotros\u201d.<\/p>\n\n\n\n<p style=\"font-size:17px\">El proceso de votaci\u00f3n para esta consulta tiene un padr\u00f3n de posibles electores cercano a las 250 mil personas para poder elegir a los 8 consejeros (cuatro Mapuche, un Aymara, un Atacame\u00f1o o Likan Antai, un Rapa Nui y uno con domicilio en un \u00e1rea urbana del territorio nacional). De este padr\u00f3n ind\u00edgena, un 86,4% corresponde al pueblo mapuche; siguiendo en cantidad el pueblo aymara y el pueblo rapa nui.<\/p>\n\n\n\n<p style=\"font-size:17px\">Los nuevos integrantes ind\u00edgenas del Consejo Nacional de CONADI se mantendr\u00e1n en este cargo durante 4 a\u00f1os desde la publicaci\u00f3n del decreto que los nombra.<\/p>\n\n\n\n<p style=\"font-size:17px\">Por su parte el Director Regional de la CONADI, Cristian Soto destac\u00f3 \u201c Desde Chonchi, de las tierras de Cucao del Cacique Roberto Panichine, la invitaci\u00f3n es a todos los pueblos originarios a que participen de este proceso eleccionario para la elecci\u00f3n de los consejeros nacionales, un organismo que asesora a la Conadi en las pol\u00edticas p\u00fablicas de los pueblos ind\u00edgenas a nivel pa\u00eds\u201d.<\/p>\n\n\n\n<p style=\"font-size:17px\">\u201cComo representante del Presidente Sebasti\u00e1n Pi\u00f1era queremos hacer un llamado a todas las comunidades ind\u00edgenas del archipi\u00e9lago de Chilo\u00e9 a participar de este proceso eleccionario, es importante porque van a tener la representaci\u00f3n necesaria y poder delinear el futuro de los pueblos ind\u00edgenas\u201d enfatiz\u00f3 el Delegado Presidencial Provincial de Chilo\u00e9, Pedro Andrade.<\/p>\n\n\n\n<p style=\"font-size:17px\">Finalmente, cabe mencionar que el Consejo Nacional de la CONADI es el organismo que define la pol\u00edtica de la instituci\u00f3n y vela por su cumplimiento. Asimismo, propone el proyecto de presupuesto anual del servicio, aprueba los diferentes programas que tiendan al cumplimiento de los objetivos de la Corporaci\u00f3n, los eval\u00faa y asegura su ejecuci\u00f3n.<\/p>\n","protected":false},"excerpt":{"rendered":"<p>Unas 250 mil personas ind\u00edgenas podr\u00e1n concurrir en todo el pa\u00eds para marcar su preferencia y proponer a los 8 nuevos integrantes del Consejo Nacional de CONADI.<\/p>\n","protected":false},"author":1,"featured_media":3296,"comment_status":"closed","ping_status":"closed","sticky":false,"template":"","format":"standard","meta":{"footnotes":""},"categories":[3,9],"tags":[],"class_list":["post-3295","post","type-post","status-publish","format-standard","has-post-thumbnail","hentry","category-al-dia","category-gobierno"],"_links":{"self":[{"href":"https:\/\/www.semanariolocal.cl\/index.php?rest_route=\/wp\/v2\/posts\/3295","targetHints":{"allow":["GET"]}}],"collection":[{"href":"https:\/\/www.semanariolocal.cl\/index.php?rest_route=\/wp\/v2\/posts"}],"about":[{"href":"https:\/\/www.semanariolocal.cl\/index.php?rest_route=\/wp\/v2\/types\/post"}],"author":[{"embeddable":true,"href":"https:\/\/www.semanariolocal.cl\/index.php?rest_route=\/wp\/v2\/users\/1"}],"replies":[{"embeddable":true,"href":"https:\/\/www.semanariolocal.cl\/index.php?rest_route=%2Fwp%2Fv2%2Fcomments&post=3295"}],"version-history":[{"count":1,"href":"https:\/\/www.semanariolocal.cl\/index.php?rest_route=\/wp\/v2\/posts\/3295\/revisions"}],"predecessor-version":[{"id":3297,"href":"https:\/\/www.semanariolocal.cl\/index.php?rest_route=\/wp\/v2\/posts\/3295\/revisions\/3297"}],"wp:featuredmedia":[{"embeddable":true,"href":"https:\/\/www.semanariolocal.cl\/index.php?rest_route=\/wp\/v2\/media\/3296"}],"wp:attachment":[{"href":"https:\/\/www.semanariolocal.cl\/index.php?rest_route=%2Fwp%2Fv2%2Fmedia&parent=3295"}],"wp:term":[{"taxonomy":"category","embeddable":true,"href":"https:\/\/www.semanariolocal.cl\/index.php?rest_route=%2Fwp%2Fv2%2Fcategories&post=3295"},{"taxonomy":"post_tag","embeddable":true,"href":"https:\/\/www.semanariolocal.cl\/index.php?rest_route=%2Fwp%2Fv2%2Ftags&post=3295"}],"curies":[{"name":"wp","href":"https:\/\/api.w.org\/{rel}","templated":true}]}}