{"id":32945,"date":"2026-01-12T07:20:00","date_gmt":"2026-01-12T10:20:00","guid":{"rendered":"https:\/\/www.semanariolocal.cl\/?p=32945"},"modified":"2026-01-12T17:41:18","modified_gmt":"2026-01-12T20:41:18","slug":"indap-abre-tres-nuevos-mercados-campesinos-en-la-region-de-los-lagos","status":"publish","type":"post","link":"https:\/\/www.semanariolocal.cl\/?p=32945","title":{"rendered":"INDAP abre tres nuevos mercados campesinos en la regi\u00f3n de Los Lagos"},"content":{"rendered":"\n<p><strong><mark style=\"background-color:#abb8c3\" class=\"has-inline-color has-white-color\">12 de Enero del 2026.- <\/mark><\/strong>La regi\u00f3n de Los Lagos hoy cuenta con 3 nuevos mercados campesinos de INDAP en el Muelle Productivo de Quell\u00f3n, la sede Willitukukahue en Hornopir\u00e9n, comuna de Hualaihu\u00e9 y en la posta antigua de Hullinco-Cucao, comuna de Chonchi. Se trata de renovados espacios donde las agricultoras y agricultores podr\u00e1n comercializar alimentos y artesan\u00edas, producidos por ellos mismos y sin intermediarios.<\/p>\n\n\n\n<p>Tras una inversi\u00f3n total de $20 millones por parte de la instituci\u00f3n, se habilitaron tres&nbsp;<em>containers<\/em>&nbsp;completamente equipados, lo que significa un gran avance para la venta de las y los beneficiados, y en condiciones m\u00e1s apropiadas para el clima de la regi\u00f3n.<\/p>\n\n\n\n<p>La seremi de Agricultura, Tania Salas detall\u00f3 que \u201cacabamos de inaugurar tres nuevos mercados campesinos, concretando iniciativas que generan econom\u00eda local, dignidad para quienes comercializan productos de la tierra y el mar en zonas que est\u00e1n alejadas de los centros urbanos, pero que de todas formas necesitan espacios dignos de comercializaci\u00f3n. As\u00ed que como Ministerio de Agricultura y como Gobierno de Chile estamos muy contentos de estos avances para nuestros habitantes, las y los agricultores y campesinos\u201d.<\/p>\n\n\n\n<p>Adem\u00e1s, se ha incorporado la denominaci\u00f3n de Mercados Campesinos Mar y Tierra en Quell\u00f3n y Hualaihu\u00e9, reflejando la realidad productiva del territorio costero de la regi\u00f3n, donde se combina la agricultura con la pesca y recolecci\u00f3n de orilla.<\/p>\n\n\n\n<p>\u201cEsta es una iniciativa de INDAP que se enmarca dentro de los mercados campesinos y el objetivo es poder incorporar esta vocaci\u00f3n cultural del archipi\u00e9lago y de la regi\u00f3n de los lagos de las familias campesinas que siempre han vivido de la producci\u00f3n del mar y tambi\u00e9n del campo. Los invitamos a que conozcan los mercados, tienen una mejor infraestructura, m\u00e1s dignidad, estamos avanzando en mejores condiciones para poder vender en la agricultura familiar campesina\u201d, destac\u00f3 el director regional de INDAP, Francisco Parada.<\/p>\n\n\n\n<p>Los mercados campesinos estar\u00e1n abiertos de manera permanente y ser\u00e1n administrados por organizaciones conformadas por los mismos agricultores, beneficiando as\u00ed a 74 usuarios de INDAP, de los cuales su gran mayor\u00eda son mujeres; fomentando la econom\u00eda local y poniendo en valor la identidad territorial.<\/p>\n\n\n\n<p>\u201cMe siento feliz emocionada en parte, porque es un sue\u00f1o de mucho tiempo, es dejar de vender en la calle y feliz porque se logr\u00f3 esto no solo para m\u00ed, sino que para mi sector y para todas las personas que quieran venir a ganarse unas luquitas, es genial, es algo que agradecemos\u201d, se\u00f1al\u00f3 Victoria Ruiz, dirigenta del programa PDTI de Quell\u00f3n.<\/p>\n\n\n\n<p>En la misma l\u00ednea, Jocelyn Cuyul, representante de la agrupaci\u00f3n de productoras del Mercado Campesino Hullinco Cucao se\u00f1al\u00f3 que \u201ceste es el primer punto de comercializaci\u00f3n m\u00e1s estable en el sector para m\u00e1s de 20 agricultoras, as\u00ed que es algo muy importante para la econom\u00eda nuestra\u201d.<\/p>\n","protected":false},"excerpt":{"rendered":"<p>Con una inversi\u00f3n de $20 millones para infraestructura y equipamiento, se habilitaron 3 containers ubicados en las comunas de Quell\u00f3n, Chonchi y Hualaihu\u00e9; los que permitir\u00e1n la venta de productos del campo, alimentos del mar y artesan\u00edas, elaborados por las mismas agricultoras y agricultores.<\/p>\n","protected":false},"author":1,"featured_media":32946,"comment_status":"closed","ping_status":"closed","sticky":false,"template":"","format":"standard","meta":{"footnotes":""},"categories":[4333,20,4137,4585],"tags":[2118,337,273,132,247,133],"class_list":["post-32945","post","type-post","status-publish","format-standard","has-post-thumbnail","hentry","category-agricultura-familiar","category-agro","category-mercados","category-seremia","tag-semanariolocal","tag-informacion","tag-noticias","tag-osorno","tag-region-de-los-lagos","tag-semanario-local"],"_links":{"self":[{"href":"https:\/\/www.semanariolocal.cl\/index.php?rest_route=\/wp\/v2\/posts\/32945","targetHints":{"allow":["GET"]}}],"collection":[{"href":"https:\/\/www.semanariolocal.cl\/index.php?rest_route=\/wp\/v2\/posts"}],"about":[{"href":"https:\/\/www.semanariolocal.cl\/index.php?rest_route=\/wp\/v2\/types\/post"}],"author":[{"embeddable":true,"href":"https:\/\/www.semanariolocal.cl\/index.php?rest_route=\/wp\/v2\/users\/1"}],"replies":[{"embeddable":true,"href":"https:\/\/www.semanariolocal.cl\/index.php?rest_route=%2Fwp%2Fv2%2Fcomments&post=32945"}],"version-history":[{"count":2,"href":"https:\/\/www.semanariolocal.cl\/index.php?rest_route=\/wp\/v2\/posts\/32945\/revisions"}],"predecessor-version":[{"id":32949,"href":"https:\/\/www.semanariolocal.cl\/index.php?rest_route=\/wp\/v2\/posts\/32945\/revisions\/32949"}],"wp:featuredmedia":[{"embeddable":true,"href":"https:\/\/www.semanariolocal.cl\/index.php?rest_route=\/wp\/v2\/media\/32946"}],"wp:attachment":[{"href":"https:\/\/www.semanariolocal.cl\/index.php?rest_route=%2Fwp%2Fv2%2Fmedia&parent=32945"}],"wp:term":[{"taxonomy":"category","embeddable":true,"href":"https:\/\/www.semanariolocal.cl\/index.php?rest_route=%2Fwp%2Fv2%2Fcategories&post=32945"},{"taxonomy":"post_tag","embeddable":true,"href":"https:\/\/www.semanariolocal.cl\/index.php?rest_route=%2Fwp%2Fv2%2Ftags&post=32945"}],"curies":[{"name":"wp","href":"https:\/\/api.w.org\/{rel}","templated":true}]}}