{"id":3292,"date":"2021-11-28T08:15:00","date_gmt":"2021-11-28T11:15:00","guid":{"rendered":"https:\/\/www.semanariolocal.cl\/?p=3292"},"modified":"2021-11-27T22:41:30","modified_gmt":"2021-11-28T01:41:30","slug":"ministerio-de-educacion-completa-plan-de-modernizacion-de-textos-escolares","status":"publish","type":"post","link":"https:\/\/www.semanariolocal.cl\/?p=3292","title":{"rendered":"Ministerio de Educaci\u00f3n completa plan de modernizaci\u00f3n de Textos Escolares"},"content":{"rendered":"\n<p style=\"font-size:17px\">Luego de realizar una supervisi\u00f3n en la imprenta A-Impresores, el ministro de Educaci\u00f3n, Ra\u00fal Figueroa, destac\u00f3 el resultado del Plan de Modernizaci\u00f3n de Textos Escolares que permitir\u00e1 entregar casi 18 millones de textos a cerca de 3 millones de alumnos de colegios p\u00fablicos y subvencionados que reciben financiamiento del Estado.<\/p>\n\n\n\n<p style=\"font-size:17px\">La seremi de Educaci\u00f3n, Paulina Lobos, explic\u00f3 que \u201centre las principales mejoras que se han incorporado se considera la cobertura completa de los contenidos que consideran las bases curriculares para cada nivel, nuevas im\u00e1genes m\u00e1s atractivas, grandes y contextualizadas, nuevas preguntas m\u00e1s motivadoras para los distintos niveles de aprendizaje. Adem\u00e1s, se ajust\u00f3 el vocabulario y la extensi\u00f3n de los textos de acuerdo a la edad de los estudiantes, se incorpor\u00f3 un cuadernillo de ejercicios, gu\u00eda del docente y para 12 asignaturas se abri\u00f3 la oferta educativa, por lo que los colegios podr\u00e1n elegir entre dos opciones\u201d, sostuvo la autoridad regional.<\/p>\n\n\n\n<p style=\"font-size:17px\">\u201cHemos impulsado un enorme trabajo para modernizar y mejorar la calidad de los Textos Escolares que entrega el Ministerio de Educaci\u00f3n y estamos muy contentos porque el pr\u00f3ximo a\u00f1o los textos ya contar\u00e1n con todas las mejoras que consider\u00f3 el plan. Tal como lo ha se\u00f1alado un estudio de la Fiscal\u00eda Nacional Econ\u00f3mica, los textos del Mineduc son igual de buenos que los que se venden en el mercado, con material de alta calidad para el aprendizaje de los ni\u00f1os y totalmente gratuitos para alumnos de colegios que reciben financiamiento del Estado. Por eso el llamado a los apoderados y colegios es a elegir los textos del Mineduc\u201d, destac\u00f3 el ministro Figueroa.<\/p>\n\n\n\n<p style=\"font-size:17px\">Entre las principales mejoras que se incorporaron en los textos est\u00e1n:<\/p>\n\n\n\n<p style=\"font-size:17px\">1.&nbsp;&nbsp;&nbsp;&nbsp;&nbsp;&nbsp;&nbsp;&nbsp;&nbsp;&nbsp;&nbsp; Cobertura completa y alineamiento con las Bases Curriculares.<\/p>\n\n\n\n<p style=\"font-size:17px\">2.&nbsp;&nbsp;&nbsp;&nbsp;&nbsp;&nbsp;&nbsp;&nbsp;&nbsp;&nbsp;&nbsp; Ajuste del nivel de lectura (extensi\u00f3n y dificultad) seg\u00fan la edad de los estudiantes.<\/p>\n\n\n\n<p style=\"font-size:17px\">3.&nbsp;&nbsp;&nbsp;&nbsp;&nbsp;&nbsp;&nbsp;&nbsp;&nbsp;&nbsp;&nbsp; Nuevas im\u00e1genes atractivas, motivadoras, grandes, y contextualizadas.<\/p>\n\n\n\n<p style=\"font-size:17px\">4.&nbsp;&nbsp;&nbsp;&nbsp;&nbsp;&nbsp;&nbsp;&nbsp;&nbsp;&nbsp;&nbsp; Extensi\u00f3n adecuada de los textos en relaci\u00f3n a la cantidad de horas anuales de la asignatura.<\/p>\n\n\n\n<p style=\"font-size:17px\">5.&nbsp;&nbsp;&nbsp;&nbsp;&nbsp;&nbsp;&nbsp;&nbsp;&nbsp;&nbsp;&nbsp; Incorporaci\u00f3n de nuevas preguntas motivadoras para diferentes niveles de aprendizaje.<\/p>\n\n\n\n<p style=\"font-size:17px\">6.&nbsp;&nbsp;&nbsp;&nbsp;&nbsp;&nbsp;&nbsp;&nbsp;&nbsp;&nbsp;&nbsp; Incorporaci\u00f3n de cuaderno de actividades para escribir, colorear, dibujar y recortar.<\/p>\n\n\n\n<p style=\"font-size:17px\">7.&nbsp;&nbsp;&nbsp;&nbsp;&nbsp;&nbsp;&nbsp;&nbsp;&nbsp;&nbsp;&nbsp; Gu\u00eda para el Docente con planificaciones clase a clase, orientaciones did\u00e1cticas, etc.<\/p>\n\n\n\n<p style=\"font-size:17px\">8.&nbsp;&nbsp;&nbsp;&nbsp;&nbsp;&nbsp;&nbsp;&nbsp;&nbsp;&nbsp;&nbsp; Cuadernillo de ejercicios separado de los textos, que permite que los textos puedan reutilizarse si el establecimiento as\u00ed lo define voluntariamente, promoviendo una cultura sostenible de este material.<\/p>\n\n\n\n<p style=\"font-size:17px\"><strong>Mayor elegibilidad<\/strong><\/p>\n\n\n\n<p style=\"font-size:17px\">Adicionalmente, para 12 niveles educativos se abri\u00f3 la oferta en Lenguaje, Matem\u00e1ticas y Ciencias, por lo que los colegios podr\u00e1n elegir entre dos opciones de textos, sumando los de los programas Leo Primero de 1\u00b0 y 4\u00b0 b\u00e1sico y Sumo Primero de 1\u00b0 a 6\u00b0 b\u00e1sico. El plazo para seleccionar los textos termina el 15 de diciembre a trav\u00e9s de la plataforma SIGE del Mineduc.<\/p>\n\n\n\n<p style=\"font-size:17px\"><strong>Plataforma para conocer oferta de textos privados<\/strong><\/p>\n\n\n\n<p style=\"font-size:17px\">Siguiendo las recomendaciones de la Fiscal\u00eda Nacional Econ\u00f3mica, en 2020 se hicieron cambios al proceso de licitaci\u00f3n, aumentando los plazos y separando el contenido de la impresi\u00f3n para aumentar la participaci\u00f3n de las editoriales y tener un mejor desarrollo de los textos, pero adem\u00e1s se cre\u00f3 una plataforma especial para las comunidades educativas de colegios particulares. En el portal&nbsp;<a href=\"http:\/\/aprendoenlinea.mineduc.cl\/\" target=\"_blank\" rel=\"noreferrer noopener\">aprendoenlinea.mineduc.cl<\/a>, podr\u00e1n encontrar la plataforma \u201c<a href=\"https:\/\/www.curriculumnacional.cl\/portal\/Tipo\/Textos-escolares-oficiales\/Textos-escolares-disponibles-en-el-mercado\/\" target=\"_blank\" rel=\"noreferrer noopener\">Textos escolares para particulares<\/a>\u201d en que podr\u00e1n conocer la oferta de textos que se comercializa en el sector privado y contactar a las m\u00e1s de 20 editoriales que participan del proyecto. \u201cLo que estamos entregando a trav\u00e9s de este buscador es una herramienta para que las comunidades educativas cuenten con mayor informaci\u00f3n, la posibilidad de contactar a las editoriales y as\u00ed puedan elegir la mejor alternativa tanto en precio como en calidad que se ajuste mejor a su proyecto educativo\u201d, sostuvo el ministro.<\/p>\n","protected":false},"excerpt":{"rendered":"<p>Tras un recorrido de supervisi\u00f3n del proceso de impresi\u00f3n de textos, el ministro de Educaci\u00f3n llam\u00f3 a los padres y colegios que reciben subvenci\u00f3n del Estado a elegir este material, que ha incorporado importantes mejoras, y actualmente equivale en calidad y contenido a los libros pagados que se ofrecen en el mercado. Para las comunidades de colegios privados, en tanto, se habilit\u00f3 una plataforma para conocer y comparar la oferta de textos de m\u00e1s de 20 editoriales.<\/p>\n","protected":false},"author":1,"featured_media":3293,"comment_status":"closed","ping_status":"closed","sticky":false,"template":"","format":"standard","meta":{"footnotes":""},"categories":[11],"tags":[],"class_list":["post-3292","post","type-post","status-publish","format-standard","has-post-thumbnail","hentry","category-educacion"],"_links":{"self":[{"href":"https:\/\/www.semanariolocal.cl\/index.php?rest_route=\/wp\/v2\/posts\/3292","targetHints":{"allow":["GET"]}}],"collection":[{"href":"https:\/\/www.semanariolocal.cl\/index.php?rest_route=\/wp\/v2\/posts"}],"about":[{"href":"https:\/\/www.semanariolocal.cl\/index.php?rest_route=\/wp\/v2\/types\/post"}],"author":[{"embeddable":true,"href":"https:\/\/www.semanariolocal.cl\/index.php?rest_route=\/wp\/v2\/users\/1"}],"replies":[{"embeddable":true,"href":"https:\/\/www.semanariolocal.cl\/index.php?rest_route=%2Fwp%2Fv2%2Fcomments&post=3292"}],"version-history":[{"count":1,"href":"https:\/\/www.semanariolocal.cl\/index.php?rest_route=\/wp\/v2\/posts\/3292\/revisions"}],"predecessor-version":[{"id":3294,"href":"https:\/\/www.semanariolocal.cl\/index.php?rest_route=\/wp\/v2\/posts\/3292\/revisions\/3294"}],"wp:featuredmedia":[{"embeddable":true,"href":"https:\/\/www.semanariolocal.cl\/index.php?rest_route=\/wp\/v2\/media\/3293"}],"wp:attachment":[{"href":"https:\/\/www.semanariolocal.cl\/index.php?rest_route=%2Fwp%2Fv2%2Fmedia&parent=3292"}],"wp:term":[{"taxonomy":"category","embeddable":true,"href":"https:\/\/www.semanariolocal.cl\/index.php?rest_route=%2Fwp%2Fv2%2Fcategories&post=3292"},{"taxonomy":"post_tag","embeddable":true,"href":"https:\/\/www.semanariolocal.cl\/index.php?rest_route=%2Fwp%2Fv2%2Ftags&post=3292"}],"curies":[{"name":"wp","href":"https:\/\/api.w.org\/{rel}","templated":true}]}}