{"id":3289,"date":"2021-11-28T08:10:00","date_gmt":"2021-11-28T11:10:00","guid":{"rendered":"https:\/\/www.semanariolocal.cl\/?p=3289"},"modified":"2021-11-27T22:36:34","modified_gmt":"2021-11-28T01:36:34","slug":"cambio-climatico-y-mundo-digital-urge-capacitar-a-pequenos-agricultores","status":"publish","type":"post","link":"https:\/\/www.semanariolocal.cl\/?p=3289","title":{"rendered":"Cambio clim\u00e1tico y mundo digital: urge capacitar a peque\u00f1os agricultores"},"content":{"rendered":"\n<p style=\"font-size:17px\">\u201cLa capacitaci\u00f3n no s\u00f3lo permite que los agricultores est\u00e9n mejor preparados para desarrollarse, emplearse y enfrentar de mejor forma los desaf\u00edos y oportunidades del cambio clim\u00e1tico, sino que tambi\u00e9n les entrega confianza en sus capacidades de emprender y salir adelante, llevando bienestar a sus familias. Actualmente, en especial debido a la pandemia, las plataformas online han incrementado exponencialmente el acceso a los peque\u00f1os productores a capacitarse e informarse sobre temas clave para el agro. Ese ha sido nuestro eje y rumbo\u201d.<\/p>\n\n\n\n<p style=\"font-size:17px\">Con estas palabras, la Directora Ejecutiva de la Fundaci\u00f3n de Comunicaciones, Capacitaci\u00f3n y Cultura del Agro (FUCOA), Francisca Martin, concluy\u00f3 su exposici\u00f3n en la segunda jornada de AgriExpo Org\u00e1nico 2021 (<a href=\"http:\/\/www.aoachile.com\/agriexpo\" target=\"_blank\" rel=\"noreferrer noopener\">www.aoachile.com\/agriexpo<\/a>), evento online y presencial desarrollado en el Pabell\u00f3n Araucan\u00eda de Temuco y organizado por AOA Chile y Agromapu.<\/p>\n\n\n\n<p style=\"font-size:17px\">En su presentaci\u00f3n \u201cEl rol de la tecnolog\u00eda como motor de la capacitaci\u00f3n en el agro\u201d, la autoridad de la fundaci\u00f3n ligada al Ministerio de Agricultura present\u00f3 las experiencias, balances y herramientas disponibles en las iniciativas Expo Chile Agr\u00edcola (<a href=\"http:\/\/www.expochileagricola.cl\/\" target=\"_blank\" rel=\"noreferrer noopener\">www.expochileagricola.cl<\/a>), el encuentro de capacitaci\u00f3n online m\u00e1s grande del pa\u00eds, y la Escuela de Capacitaci\u00f3n Online Chile Agr\u00edcola (<a href=\"http:\/\/www.chileagricola.cl\/\" target=\"_blank\" rel=\"noreferrer noopener\">www.chileagricola.cl<\/a>), con m\u00e1s de 600 contenidos (videos, manuales y fichas) y 18 cursos gratuitos, as\u00ed como el recientemente iniciado programa \u201cRenacer Digital en el Agro\u201d, que permitir\u00e1 capacitar a m\u00e1s de 2.000 agricultoras y agricultores usuarios de INDAP a lo largo de Chile.<\/p>\n\n\n\n<p style=\"font-size:17px\">En la ocasi\u00f3n, Francisca Martin destac\u00f3 que \u201cs\u00f3lo durante la versi\u00f3n 2021 de Expo Chile Agr\u00edcola tuvimos m\u00e1s de 100 mil visitas desde m\u00e1s del 90% de las comunas del pa\u00eds, lo que demuestra el alto inter\u00e9s de los agricultores y agricultoras por capacitarse e informarse sobre la \u00faltima tecnolog\u00eda, avances e informaci\u00f3n clave para sus actividades productivas. Otro dato no menor es que, si bien en la pr\u00e1ctica se registra una participaci\u00f3n menor de las mujeres respecto de los hombres en la agricultura, tanto en Expo Chile Agr\u00edcola como en la Escuela de Capacitaci\u00f3n Online Chile Agr\u00edcola esto es a la inversa, con m\u00e1s de 65% de usuarias mujeres\u201d, a quienes reforz\u00f3 el llamado a visitar ambas plataformas online y aprovechar todos los contenidos gratuitos disponibles, sobre temas como eficiencia h\u00eddrica; control de plagas y enfermedades; emprendimiento, empleabilidad y asociatividad; y tecnolog\u00eda e informaci\u00f3n Agro 4.0, entre muchos otros.<\/p>\n\n\n\n<p style=\"font-size:17px\"><br>Finalmente, en compa\u00f1\u00eda del Seremi de Agricultura de La Araucan\u00eda, Hans Curamil, y Rodrigo Rojas de AOA Chile y Agromapu, la Directora Ejecutiva de FUCOA recorri\u00f3 los stands de agricultores y productores org\u00e1nicos de la zona presentes en AgriExpo Org\u00e1nico 2021 y particip\u00f3 en un conversatorio sobre la importancia de la capacitaci\u00f3n para el agro.<\/p>\n\n\n\n<p style=\"font-size:17px\"><br><strong>Entrega de libros y material educativo<\/strong><\/p>\n\n\n\n<p style=\"font-size:17px\">En el marco de su visita a la regi\u00f3n, Francisca Martin tambi\u00e9n visit\u00f3 la Biblioruka de Cholchol, donde conoci\u00f3 la experiencia de esta comunidad educativa en torno a los valores, conocimiento y cultura mapuche, compartiendo con ellos una actividad de m\u00fasica, poes\u00eda y conversaci\u00f3n.<\/p>\n\n\n\n<p style=\"font-size:17px\">En la oportunidad, la Directora Ejecutiva de FUCOA les entreg\u00f3 un set de 100 libros junto con material educativo y ejemplares del Diario Nuestra Tierra, donaci\u00f3n correspondiente a la iniciativa \u201cBibliotecas Rurales para Chile\u201d, que a la fecha ha beneficiado a 27 municipios, escuelas y comunidades rurales a lo largo del pa\u00eds.<\/p>\n","protected":false},"excerpt":{"rendered":"<p>La Directora Ejecutiva de FUCOA, Francisca Martin, expuso las experiencias de Expo Chile Agr\u00edcola y la Escuela de Capacitaci\u00f3n Chile Agr\u00edcola del Ministerio de Agricultura, desarrolladas por la fundaci\u00f3n, en la segunda jornada de AgriExpo Org\u00e1nico 2021 en Temuco. La autoridad tambi\u00e9n visit\u00f3 la Biblioruka de Cholchol, donde entreg\u00f3 una donaci\u00f3n de libros y material educativo de la iniciativa \u201cBibliotecas Rurales para Chile\u201d.<\/p>\n","protected":false},"author":1,"featured_media":3290,"comment_status":"closed","ping_status":"closed","sticky":false,"template":"","format":"standard","meta":{"footnotes":""},"categories":[20,3,12],"tags":[],"class_list":["post-3289","post","type-post","status-publish","format-standard","has-post-thumbnail","hentry","category-agro","category-al-dia","category-economia"],"_links":{"self":[{"href":"https:\/\/www.semanariolocal.cl\/index.php?rest_route=\/wp\/v2\/posts\/3289","targetHints":{"allow":["GET"]}}],"collection":[{"href":"https:\/\/www.semanariolocal.cl\/index.php?rest_route=\/wp\/v2\/posts"}],"about":[{"href":"https:\/\/www.semanariolocal.cl\/index.php?rest_route=\/wp\/v2\/types\/post"}],"author":[{"embeddable":true,"href":"https:\/\/www.semanariolocal.cl\/index.php?rest_route=\/wp\/v2\/users\/1"}],"replies":[{"embeddable":true,"href":"https:\/\/www.semanariolocal.cl\/index.php?rest_route=%2Fwp%2Fv2%2Fcomments&post=3289"}],"version-history":[{"count":1,"href":"https:\/\/www.semanariolocal.cl\/index.php?rest_route=\/wp\/v2\/posts\/3289\/revisions"}],"predecessor-version":[{"id":3291,"href":"https:\/\/www.semanariolocal.cl\/index.php?rest_route=\/wp\/v2\/posts\/3289\/revisions\/3291"}],"wp:featuredmedia":[{"embeddable":true,"href":"https:\/\/www.semanariolocal.cl\/index.php?rest_route=\/wp\/v2\/media\/3290"}],"wp:attachment":[{"href":"https:\/\/www.semanariolocal.cl\/index.php?rest_route=%2Fwp%2Fv2%2Fmedia&parent=3289"}],"wp:term":[{"taxonomy":"category","embeddable":true,"href":"https:\/\/www.semanariolocal.cl\/index.php?rest_route=%2Fwp%2Fv2%2Fcategories&post=3289"},{"taxonomy":"post_tag","embeddable":true,"href":"https:\/\/www.semanariolocal.cl\/index.php?rest_route=%2Fwp%2Fv2%2Ftags&post=3289"}],"curies":[{"name":"wp","href":"https:\/\/api.w.org\/{rel}","templated":true}]}}