{"id":32831,"date":"2026-01-07T12:09:48","date_gmt":"2026-01-07T15:09:48","guid":{"rendered":"https:\/\/www.semanariolocal.cl\/?p=32831"},"modified":"2026-01-07T12:09:49","modified_gmt":"2026-01-07T15:09:49","slug":"estudio-revela-como-viajan-los-chilenos-millennials-lideran-tendencias","status":"publish","type":"post","link":"https:\/\/www.semanariolocal.cl\/?p=32831","title":{"rendered":"Estudio revela c\u00f3mo viajan los chilenos: millennials lideran tendencias"},"content":{"rendered":"\n<p><strong><mark style=\"background-color:#abb8c3\" class=\"has-inline-color has-white-color\">07 de enero del 2026. <\/mark><\/strong>Criteria y SKY Airline dieron a conocer los resultados del estudio \u201c\u00bfC\u00f3mo viajan los chilenos?\u201d, que analiz\u00f3 m\u00e1s de 1.500 casos y consider\u00f3 informaci\u00f3n de viajes de pasajeros de la aerol\u00ednea, revelando importantes tendencias en sus h\u00e1bitos de viaje durante 2025.<\/p>\n\n\n\n<p>La investigaci\u00f3n, complementada con datos de la Junta Aeron\u00e1utica Civil, muestra que Mendoza y Florian\u00f3polis se encuentran entre los destinos internacionales que m\u00e1s han aumentado su popularidad respecto a 2024, mientras que Lima, Buenos Aires y Sao Paulo se mantienen entre los favoritos habituales de los viajeros chilenos.<\/p>\n\n\n\n<p>El estudio tambi\u00e9n revela una clara predominancia generacional en los patrones de viaje. Los millennials \u2014nacidos entre 1981 y 1996\u2014 lideran tanto en vuelos nacionales como internacionales, representando aproximadamente el 40% del total en ambas categor\u00edas. Les sigue la generaci\u00f3n X \u2014nacidos entre 1965 y 1980\u2014 con m\u00e1s del 20% restante, la generaci\u00f3n Z \u2014nacidos entre 1997 y 2012\u2014 cercanos al 15% y los Boomer \u2014nacidos entre 1946 y 1964\u2014 con alrededor del 12%.<\/p>\n\n\n\n<p>Respecto a las motivaciones, el 63% de los chilenos viaja principalmente por turismo o vacaciones, seguido por visitas familiares (20%), motivos laborales (13%) y otros motivos (4%). El estudio tambi\u00e9n revel\u00f3 la marcada preferencia por viajar acompa\u00f1ados: el 79% lo hace en vuelos internacionales y el 64% en rutas nacionales.<\/p>\n\n\n\n<p><em>\u00abEste estudio, nos permite comprender mejor el comportamiento de los chilenos a la hora de viajar y nos entrega informaci\u00f3n valiosa para seguir mejorando nuestra propuesta de valor a lo que buscan las personas a la hora de comprar pasajes\u00bb,<\/em> se\u00f1ala Nicol\u00e1 Lamiaux, gerente de Marca de SKY.<\/p>\n\n\n\n<p>En cuanto al comportamiento de compra, el estudio destaca que los factores decisivos para elegir una aerol\u00ednea tienen que ver con el precio m\u00e1s bajo (40,1%), la relaci\u00f3n precio\/calidad (37,8%), el horario del vuelo (36,8%) y una buena experiencia anterior (35%).<\/p>\n\n\n\n<p><em>\u00abLos resultados confirman que el consumidor chileno es cada vez m\u00e1s sofisticado en su toma de decisiones. Vemos que un gran porcentaje valora la experiencia completa entre precio y calidad, y no solo busca precios bajos. \u00ab,<\/em> puntualiza Lamiaux.<\/p>\n\n\n\n<p>La antelaci\u00f3n promedio para adquirir pasajes a\u00e9reos difiere notablemente entre destinos. Mientras que los vuelos nacionales se compran en promedio con 36 d\u00edas de anticipaci\u00f3n, los internacionales requieren una planificaci\u00f3n mayor, elevando el promedio a 75 d\u00edas. En el \u00e1mbito internacional, las generaciones m\u00e1s j\u00f3venes demuestran ser m\u00e1s previsoras: la Generaci\u00f3n Z adquiere sus pasajes al extranjero con una antelaci\u00f3n media de 77 d\u00edas, superando los 68 registrados en la generaci\u00f3n X.<\/p>\n\n\n\n<p><em>\u00abEs particularmente interesante c\u00f3mo los eventos cyber impulsan significativamente la anticipaci\u00f3n de compra, llegando hasta 58 d\u00edas para vuelos nacionales y 101 d\u00edas para internacionales. Esto refleja una creciente planificaci\u00f3n de los chilenos al momento de organizar sus viajes y aprovechar ofertas especiales\u00bb<\/em>, explica el gerente de Marca de SKY.<\/p>\n\n\n\n<p>Finalmente, la investigaci\u00f3n tambi\u00e9n revela diferencias de g\u00e9nero en los patrones de viaje. Mientras los hombres predominan en los viajes dom\u00e9sticos (55%), las mujeres son mayor\u00eda en los internacionales (52%).<\/p>\n\n\n\n<p><em>\u201cEntender estos patrones de comportamiento nos permite desarrollar estrategias m\u00e1s efectivas y ofertas que respondan a las necesidades reales de distintos segmentos de viajeros. En SKY seguiremos adaptando nuestros servicios para facilitar la experiencia de viaje, poniendo el cielo al alcance de todos y considerando las preferencias y h\u00e1bitos de consumo de las personas\u201d,<\/em> concluye Lamiaux.<\/p>\n","protected":false},"excerpt":{"rendered":"<p>Investigaci\u00f3n de Criteria y SKY Airline revela que las personas prefieren viajar acompa\u00f1adas y que la planificaci\u00f3n anticipada aumenta, especialmente en vuelos internacionales.<\/p>\n","protected":false},"author":1,"featured_media":32832,"comment_status":"closed","ping_status":"closed","sticky":false,"template":"","format":"standard","meta":{"footnotes":""},"categories":[3849,2406,4357,2541,2747],"tags":[2118,337,273,247,133],"class_list":["post-32831","post","type-post","status-publish","format-standard","has-post-thumbnail","hentry","category-empresa-privada","category-empresas","category-estudio-publico","category-investigacion","category-turismo","tag-semanariolocal","tag-informacion","tag-noticias","tag-region-de-los-lagos","tag-semanario-local"],"_links":{"self":[{"href":"https:\/\/www.semanariolocal.cl\/index.php?rest_route=\/wp\/v2\/posts\/32831","targetHints":{"allow":["GET"]}}],"collection":[{"href":"https:\/\/www.semanariolocal.cl\/index.php?rest_route=\/wp\/v2\/posts"}],"about":[{"href":"https:\/\/www.semanariolocal.cl\/index.php?rest_route=\/wp\/v2\/types\/post"}],"author":[{"embeddable":true,"href":"https:\/\/www.semanariolocal.cl\/index.php?rest_route=\/wp\/v2\/users\/1"}],"replies":[{"embeddable":true,"href":"https:\/\/www.semanariolocal.cl\/index.php?rest_route=%2Fwp%2Fv2%2Fcomments&post=32831"}],"version-history":[{"count":1,"href":"https:\/\/www.semanariolocal.cl\/index.php?rest_route=\/wp\/v2\/posts\/32831\/revisions"}],"predecessor-version":[{"id":32833,"href":"https:\/\/www.semanariolocal.cl\/index.php?rest_route=\/wp\/v2\/posts\/32831\/revisions\/32833"}],"wp:featuredmedia":[{"embeddable":true,"href":"https:\/\/www.semanariolocal.cl\/index.php?rest_route=\/wp\/v2\/media\/32832"}],"wp:attachment":[{"href":"https:\/\/www.semanariolocal.cl\/index.php?rest_route=%2Fwp%2Fv2%2Fmedia&parent=32831"}],"wp:term":[{"taxonomy":"category","embeddable":true,"href":"https:\/\/www.semanariolocal.cl\/index.php?rest_route=%2Fwp%2Fv2%2Fcategories&post=32831"},{"taxonomy":"post_tag","embeddable":true,"href":"https:\/\/www.semanariolocal.cl\/index.php?rest_route=%2Fwp%2Fv2%2Ftags&post=32831"}],"curies":[{"name":"wp","href":"https:\/\/api.w.org\/{rel}","templated":true}]}}