{"id":3283,"date":"2021-11-28T08:00:00","date_gmt":"2021-11-28T11:00:00","guid":{"rendered":"https:\/\/www.semanariolocal.cl\/?p=3283"},"modified":"2021-11-27T22:14:08","modified_gmt":"2021-11-28T01:14:08","slug":"la-inteligencia-en-nuestro-pais","status":"publish","type":"post","link":"https:\/\/www.semanariolocal.cl\/?p=3283","title":{"rendered":"La Inteligencia en nuestro pa\u00eds"},"content":{"rendered":"\n<p style=\"font-size:17px\">Desde tiempo inmemoriales, los pa\u00edses han necesitado obtener informaci\u00f3n respecto de las actividades de los pa\u00edses vecinos, para visualizar y evitar posibles conflictos b\u00e9licos. Desde siempre han existido sujetos que han traspasado las fronteras de su pa\u00eds para observar las actividades y movimientos que se realizan m\u00e1s all\u00e1 de las l\u00edneas, permitiendo as\u00ed la tranquilidad de su pa\u00eds de origen.<\/p>\n\n\n\n<p style=\"font-size:17px\">Es as\u00ed como en Chile, bajo la premisa del \u201cCONFLICTO ABP\u201d (Argentina, Bolivia y Per\u00fa), siempre han existido actividades de inteligencia m\u00e1s all\u00e1 de nuestras fronteras, desde la \u00e9poca del t\u00e9rmino de la Colonia.<\/p>\n\n\n\n<p style=\"font-size:17px\">En el \u00e1mbito militar, \u201cse llama Inteligencia al producto resultante del procesamiento de la informaci\u00f3n relativa a naciones extranjeras, fuerzas o elementos hostiles que puedan constituir un peligro a la estabilidad y soberan\u00eda de un pa\u00eds.\u201d Se asocia tradicionalmente al \u201cespionaje\u201d, pero la Inteligencia es m\u00e1s que eso, ya que abarca tareas como la recopilaci\u00f3n de la informaci\u00f3n de la capacidad tecnol\u00f3gica, del orden de batalla, de las armas y equipos, del entrenamiento, de las bases militares, del nivel de las comunicaciones y la detecci\u00f3n de radares entre otras informaciones que se deben analizar, procesar e informar a las autoridades locales para servir de antecedente necesarios en la toma de decisiones de contrapeso.<\/p>\n\n\n\n<p style=\"font-size:17px\">En Chile, durante el gobierno de don Patricio Aylwin y ante la falta de un organismo de inteligencia integrado por civiles y ante la presencia del renacimiento de guerrillas urbanas como el Mapu-Lautaro; el Movimiento de Izquierda Revolucionaria ( MIR) y el Frente Patri\u00f3tico Manuel Rodr\u00edguez, todos de extrema izquierda, que tuvo como consecuencias el asesinato del Senador Jaime Guzm\u00e1n y el secuestro del hijo del diario El Mercurio, el Presidente Aylwin cre\u00f3 el Consejo Coordinador de Seguridad P\u00fablica ( CCSP), mediante el Decreto N\u00b0 363 del Ministerio del Interior del 26 de Abril de 1991.<\/p>\n\n\n\n<p style=\"font-size:17px\">Este primer organismo depend\u00eda del Presidente de la Rep\u00fablica a trav\u00e9s del Ministerio del Interior y ten\u00eda la tarea de prestar asesor\u00eda y proponer medidas relativas a la planificaci\u00f3n, estrategia y coordinaci\u00f3n de las pol\u00edticas en el combate del terrorismo, junto a Carabineros y la Polic\u00eda de Investigaciones.<\/p>\n\n\n\n<p style=\"font-size:17px\">El a\u00f1o 2004 se da un gran salto en materias de organizaci\u00f3n y personal del \u00e1rea de inteligencia y el Presidente Ricardo Lagos funda por medio de la Ley N\u00b0 19.974 la Agencia Nacional de Inteligencia (ANI) y se estructura el Sistema de Inteligencia del Estado. El primer Director de la ANI fue el abogado Gustavo Villalobos, colaborador de la Vicar\u00eda de la Solidaridad y militante del Partido Comunista.<\/p>\n\n\n\n<p style=\"font-size:17px\">Las funciones de la ANI son recolectar y procesar informaci\u00f3n de todos los \u00e1mbitos del nivel nacional e internacional y producir inteligencia de acuerdo con los requerimientos del Presidente de la Rep\u00fablica, elaborar informes de inteligencia de car\u00e1cter secreto para el Jefe de Estado y los organismos que \u00e9l determine, proponer normas y procedimientos de protecci\u00f3n de los sistemas de informaci\u00f3n cr\u00edtica del Estado y requerir de los organismos de inteligencia militar y policiales la informaci\u00f3n que la ANI considere de utilidad para sus funciones.<\/p>\n\n\n\n<p style=\"font-size:17px\">&nbsp;Asimismo, la Agencia Nacional est\u00e1 facultada para requerir de cualquier servicio de la Administraci\u00f3n del Estado, los antecedentes e informes que estime necesarios para el cumplimiento de sus funciones y disponer la aplicaci\u00f3n de las medidas necesarias para detectar y neutralizar las acciones de grupos terroristas nacionales o internacionales.<\/p>\n\n\n\n<p style=\"font-size:17px\">La ANI forma parte de la Comunidad de Inteligencia y la preside, la que est\u00e1 integrada por los servicios de inteligencia del Estado Mayor Conjunto de las Fuerzas Armadas y las Direcciones de Inteligencia de Carabineros y la Polic\u00eda de Investigaciones.<\/p>\n\n\n\n<p style=\"font-size:17px\">La Agencia Nacional de Inteligencia es una organizaci\u00f3n formada por aproximadamente 125 funcionarios, muchos de los cuales son empleados civiles de las fuerzas armadas y no poseen facultades operativas y se nutre de la informaci\u00f3n proporcionada por los organismos militares de inteligencia.<\/p>\n\n\n\n<p style=\"font-size:17px\">El hecho que los miembros de la Agencia Nacional de Inteligencia no tengan facultades operativas, les priva de la posibilidad de recopilar la informaci\u00f3n necesaria para sus fines y dejar de ser un mero receptor de informaci\u00f3n de otros servicios, ya que ello le resta toda la eficacia que un organismo de esta naturaleza requiere.<\/p>\n\n\n\n<p style=\"font-size:17px\">Existe un proyecto de ley que moderniza y organiza la funci\u00f3n de la Inteligencia en Chile, pero \u00e9sta duerme pl\u00e1cidamente hace 5 a\u00f1os en el Senado de la Rep\u00fablica.-<\/p>\n\n\n\n<p style=\"font-size:17px\">Jos\u00e9 Manuel Godoy Leiva &#8211; Abogado<\/p>\n","protected":false},"excerpt":{"rendered":"<p>Desde tiempo inmemoriales, los pa\u00edses han necesitado obtener informaci\u00f3n respecto de las actividades de los pa\u00edses vecinos, para visualizar y evitar posibles conflictos b\u00e9licos. Desde siempre han existido sujetos que han traspasado las fronteras de su pa\u00eds para observar las actividades y movimientos que se realizan m\u00e1s all\u00e1 de las l\u00edneas, permitiendo as\u00ed la tranquilidad&#8230;<a class=\"btnReadMore\" href=\"https:\/\/www.semanariolocal.cl\/?p=3283\"> Leer M\u00e1s<\/a><\/p>\n","protected":false},"author":1,"featured_media":3284,"comment_status":"closed","ping_status":"closed","sticky":false,"template":"","format":"standard","meta":{"footnotes":""},"categories":[7],"tags":[],"class_list":["post-3283","post","type-post","status-publish","format-standard","has-post-thumbnail","hentry","category-opinion"],"_links":{"self":[{"href":"https:\/\/www.semanariolocal.cl\/index.php?rest_route=\/wp\/v2\/posts\/3283","targetHints":{"allow":["GET"]}}],"collection":[{"href":"https:\/\/www.semanariolocal.cl\/index.php?rest_route=\/wp\/v2\/posts"}],"about":[{"href":"https:\/\/www.semanariolocal.cl\/index.php?rest_route=\/wp\/v2\/types\/post"}],"author":[{"embeddable":true,"href":"https:\/\/www.semanariolocal.cl\/index.php?rest_route=\/wp\/v2\/users\/1"}],"replies":[{"embeddable":true,"href":"https:\/\/www.semanariolocal.cl\/index.php?rest_route=%2Fwp%2Fv2%2Fcomments&post=3283"}],"version-history":[{"count":1,"href":"https:\/\/www.semanariolocal.cl\/index.php?rest_route=\/wp\/v2\/posts\/3283\/revisions"}],"predecessor-version":[{"id":3285,"href":"https:\/\/www.semanariolocal.cl\/index.php?rest_route=\/wp\/v2\/posts\/3283\/revisions\/3285"}],"wp:featuredmedia":[{"embeddable":true,"href":"https:\/\/www.semanariolocal.cl\/index.php?rest_route=\/wp\/v2\/media\/3284"}],"wp:attachment":[{"href":"https:\/\/www.semanariolocal.cl\/index.php?rest_route=%2Fwp%2Fv2%2Fmedia&parent=3283"}],"wp:term":[{"taxonomy":"category","embeddable":true,"href":"https:\/\/www.semanariolocal.cl\/index.php?rest_route=%2Fwp%2Fv2%2Fcategories&post=3283"},{"taxonomy":"post_tag","embeddable":true,"href":"https:\/\/www.semanariolocal.cl\/index.php?rest_route=%2Fwp%2Fv2%2Ftags&post=3283"}],"curies":[{"name":"wp","href":"https:\/\/api.w.org\/{rel}","templated":true}]}}