{"id":3280,"date":"2021-11-28T07:55:00","date_gmt":"2021-11-28T10:55:00","guid":{"rendered":"https:\/\/www.semanariolocal.cl\/?p=3280"},"modified":"2021-11-27T22:04:20","modified_gmt":"2021-11-28T01:04:20","slug":"la-educacion-y-la-gestion-del-talento-humano","status":"publish","type":"post","link":"https:\/\/www.semanariolocal.cl\/?p=3280","title":{"rendered":"La educaci\u00f3n y la gesti\u00f3n del talento humano"},"content":{"rendered":"\n<p style=\"font-size:17px\">Nelson Mandela, primer presidente negro elegido en forma democr\u00e1tica en un pa\u00eds como Sud\u00e1frica que propiciaba el Apartheid \u2013o separaci\u00f3n de razas\u2013, fue uno de los l\u00edderes m\u00e1s grandes y reconocidos que ha tenido la historia de la humanidad, cuya influencia, carisma y magnetismo personal permiti\u00f3 sanar y unir a una naci\u00f3n como Sud\u00e1frica, un pa\u00eds que&nbsp; estaba dividido y destrozado internamente por el grave estigma del racismo, la injusticia y la existencia de grandes brechas econ\u00f3micas y sociales, factores que tuvieron al pa\u00eds al borde de una guerra civil.<\/p>\n\n\n\n<p style=\"font-size:17px\">Una de las frases m\u00e1s significativas que distingu\u00edan a este gigante entre los l\u00edderes y que \u00e9l repet\u00eda incansablemente, era: <strong>\u201cLa educaci\u00f3n es el arma m\u00e1s poderosa que puedes usar para cambiar el mundo\u201d<\/strong>. La explicaci\u00f3n es muy simple de comprender: la educaci\u00f3n es el gran motor del desarrollo personal y del potencial que representa el talento y el Capital Humano de una naci\u00f3n, \u00fanico capital que no se deprecia, sino que, por el contrario, con cada d\u00eda que pasa aumenta su valor en conocimientos, habilidades y capacidades que se logran sacar a la luz por intermedio de la formaci\u00f3n y una educaci\u00f3n de calidad.<\/p>\n\n\n\n<p style=\"font-size:17px\">El presidente Nelson Mandela fue un ser humano que mostr\u00f3 al mundo c\u00f3mo debe comportarse y actuar un verdadero l\u00edder que entrega todo su esfuerzo, energ\u00eda, dedicaci\u00f3n y compromiso en favor de todos sus conciudadanos, fueran blancos, negros o mestizos, por cuanto, a pesar de haber sido terriblemente humillado, golpeado y encarcelado injustamente durante 27 a\u00f1os de su vida, luego de salir de prisi\u00f3n perdon\u00f3 de coraz\u00f3n a todos aquellos que tanto da\u00f1o le causaron a \u00e9l y a su familia, y opt\u00f3 por dedicar el resto de su vida a trabajar arduamente por el bien com\u00fan de su pa\u00eds y no para beneficio propio o para favorecer intereses partidistas y\/o particulares, tan com\u00fan en Chile y en muchos otros pa\u00edses de Latinoam\u00e9rica.<\/p>\n\n\n\n<p style=\"font-size:17px\">Por otra parte, basta traer a nuestra memoria que uno de los lemas que distingue a Harvard, una de las universidades m\u00e1s prestigiosas del mundo, es: <strong>\u201cEl conocimiento es poder\u201d<\/strong> <strong>(\u201cKnowledge is power\u201d<\/strong>) y cuya misi\u00f3n como Universidad se orienta, precisamente, a educar a los futuros l\u00edderes, centrando sus esfuerzos en alcanzar un mundo que sea m\u00e1s justo, equitativo y promisorio para todos. \u00a1Cu\u00e1nta falta nos hacen grandes objetivos, ideales y pensamientos como \u00e9stos! Y qu\u00e9 triste y penoso resulta ver a nuestra clase dirigente y a la \u00e9lite econ\u00f3mica de nuestro pa\u00eds velar hacendosamente por sus ego\u00edstas y mezquinos intereses.<\/p>\n\n\n\n<p style=\"font-size:17px\">Nuestros supuestos <strong>\u201cl\u00edderes\u201d<\/strong> deber\u00edan comprender \u2013y tener muy claro\u2013 de una vez por todas, tal como lo entendi\u00f3 y puso en pr\u00e1ctica el presidente Mandela, que el bien com\u00fan, la educaci\u00f3n y la formaci\u00f3n de las personas deben enfocarse como los factores claves y estrat\u00e9gicos que representan la mejor inversi\u00f3n en capital humano, as\u00ed como tambi\u00e9n en la gesti\u00f3n del talento de la gente, por cuanto, son las personas las que dan forma y cuerpo a una naci\u00f3n y a las organizaciones.<\/p>\n\n\n\n<p style=\"font-size:17px\">Michael Sandel, fil\u00f3sofo pol\u00edtico y profesor de la Facultad de Derecho de la Universidad de Harvard, es otro de los pensadores contempor\u00e1neos que apunta a la necesidad de tener una educaci\u00f3n de calidad que favorezca las cualidades humanas y al tipo de personas que aspiramos a tener en nuestra sociedad, haciendo notar que <strong>\u201cla educaci\u00f3n debe convertirse en el eje central de la respuesta a la desigualdad, a los salarios estancados y a la p\u00e9rdida de empleos\u201d<\/strong>. \u00bfQu\u00e9 duda cabe, entonces, acerca de la relevancia que adquiere el hecho de recibir una educaci\u00f3n de calidad?<\/p>\n\n\n\n<p style=\"font-size:17px\">Destaquemos, finalmente, una frase muy poderosa de Nelson Mandela \u2013qui\u00e9n ha sido llamado por muchas personas el <strong>\u201cPresidente de la Humanidad\u201d<\/strong>\u2013, una frase que merece toda nuestra atenci\u00f3n, admiraci\u00f3n y reconocimiento y que se\u00f1ala lo siguiente: <strong>\u201cDerribar y destruir es muy f\u00e1cil. Los verdaderos h\u00e9roes son aquellas personas que construyen y trabajan por la paz\u201d<\/strong>, que fue, justamente, lo que hizo este gran hombre y ciudadano del mundo, al predicar con su propio ejemplo.<\/p>\n\n\n\n<p style=\"font-size:17px\">Dr. Franco Lotito C. \u2013 www.aurigaservicios.cl<\/p>\n\n\n\n<p style=\"font-size:17px\">Acad\u00e9mico, escritor e investigador (PUC-UACh)<\/p>\n","protected":false},"excerpt":{"rendered":"<p>Nelson Mandela, primer presidente negro elegido en forma democr\u00e1tica en un pa\u00eds como Sud\u00e1frica que propiciaba el Apartheid \u2013o separaci\u00f3n de razas\u2013, fue uno de los l\u00edderes m\u00e1s grandes y reconocidos que ha tenido la historia de la humanidad, cuya influencia, carisma y magnetismo personal permiti\u00f3 sanar y unir a una naci\u00f3n como Sud\u00e1frica, un&#8230;<a class=\"btnReadMore\" href=\"https:\/\/www.semanariolocal.cl\/?p=3280\"> Leer M\u00e1s<\/a><\/p>\n","protected":false},"author":1,"featured_media":3282,"comment_status":"closed","ping_status":"closed","sticky":false,"template":"","format":"standard","meta":{"footnotes":""},"categories":[7],"tags":[],"class_list":["post-3280","post","type-post","status-publish","format-standard","has-post-thumbnail","hentry","category-opinion"],"_links":{"self":[{"href":"https:\/\/www.semanariolocal.cl\/index.php?rest_route=\/wp\/v2\/posts\/3280","targetHints":{"allow":["GET"]}}],"collection":[{"href":"https:\/\/www.semanariolocal.cl\/index.php?rest_route=\/wp\/v2\/posts"}],"about":[{"href":"https:\/\/www.semanariolocal.cl\/index.php?rest_route=\/wp\/v2\/types\/post"}],"author":[{"embeddable":true,"href":"https:\/\/www.semanariolocal.cl\/index.php?rest_route=\/wp\/v2\/users\/1"}],"replies":[{"embeddable":true,"href":"https:\/\/www.semanariolocal.cl\/index.php?rest_route=%2Fwp%2Fv2%2Fcomments&post=3280"}],"version-history":[{"count":1,"href":"https:\/\/www.semanariolocal.cl\/index.php?rest_route=\/wp\/v2\/posts\/3280\/revisions"}],"predecessor-version":[{"id":3281,"href":"https:\/\/www.semanariolocal.cl\/index.php?rest_route=\/wp\/v2\/posts\/3280\/revisions\/3281"}],"wp:featuredmedia":[{"embeddable":true,"href":"https:\/\/www.semanariolocal.cl\/index.php?rest_route=\/wp\/v2\/media\/3282"}],"wp:attachment":[{"href":"https:\/\/www.semanariolocal.cl\/index.php?rest_route=%2Fwp%2Fv2%2Fmedia&parent=3280"}],"wp:term":[{"taxonomy":"category","embeddable":true,"href":"https:\/\/www.semanariolocal.cl\/index.php?rest_route=%2Fwp%2Fv2%2Fcategories&post=3280"},{"taxonomy":"post_tag","embeddable":true,"href":"https:\/\/www.semanariolocal.cl\/index.php?rest_route=%2Fwp%2Fv2%2Ftags&post=3280"}],"curies":[{"name":"wp","href":"https:\/\/api.w.org\/{rel}","templated":true}]}}