{"id":3273,"date":"2021-11-27T22:06:16","date_gmt":"2021-11-28T01:06:16","guid":{"rendered":"https:\/\/www.semanariolocal.cl\/?p=3273"},"modified":"2021-11-27T23:06:00","modified_gmt":"2021-11-28T02:06:00","slug":"diputado-jurgensen-pide-a-loncon-aclarar-hechos-protagonizados-por-convencionales","status":"publish","type":"post","link":"https:\/\/www.semanariolocal.cl\/?p=3273","title":{"rendered":"Diputado J\u00fcrgensen pide a Lonc\u00f3n aclarar hechos protagonizados por Convencionales"},"content":{"rendered":"\n<p style=\"font-size:17px\">El parlamentario recientemente reelecto por la Regi\u00f3n de Los Lagos, Harry J\u00fcrgensen ofici\u00f3 a Elisa Lonc\u00f3n, Presidenta de Convenci\u00f3n Constitucional, para que aclare los hechos protagonizados por algunos convencionales en el Hotel Pettra de Concepci\u00f3n, quienes tuvieron actitudes \u201cinadecuadas para el cargo que los chilenos les encomendaron\u201d seg\u00fan se\u00f1al\u00f3 el legislador.<\/p>\n\n\n\n<p style=\"font-size:17px\">En este sentido, el Diputado J\u00fcrgensen pidi\u00f3 a la presidenta de la Convenci\u00f3n mediante oficio, que aclare si la versi\u00f3n de los denunciantes es cierta y si los convencionales involucrados habr\u00edan consumido alcohol hasta altas horas de la noche, mostr\u00e1ndose prepotentes con el personal del hotel, quienes habr\u00edan exigido acceso a la piscina -que en esos momentos se encontraba cerrada- haciendo ruidos molestos, los que adem\u00e1s, provocaron reclamos de otros pasajeros del establecimiento por la mencionada conducta de los involucrados.<\/p>\n\n\n\n<p style=\"font-size:17px\">En consideraci\u00f3n a lo anterior, el parlamentario por la regi\u00f3n de Los Lagos pidi\u00f3 se informe \u201cacerca de la veracidad de lo ocurrido, si el hotel y los dem\u00e1s gastos del viaje fueron financiados con fondos p\u00fablicos, indicando el gasto realizado y el monto\u201d.<\/p>\n\n\n\n<p style=\"font-size:17px\">Adicionalmente, la autoridad pidi\u00f3 que: \u201cen caso de confirmar estos hechos los convencionales involucrados en esta impresentable situaci\u00f3n sean pasados a la Comisi\u00f3n de \u00c9tica de la Convenci\u00f3n Constitucional y sean sancionados en la forma que corresponda\u201d.<br><br>Respecto a esta situaci\u00f3n, el parlamentario manifest\u00f3 que: \u201cLa conducta en la que habr\u00edan incurrido los convencionales es inapropiada en toda circunstancia, y es inaceptable en autoridades o representantes de los chilenos. M\u00e1s a\u00fan cuando el viaje fue financiado con fondos p\u00fablicos, plata de todos los chilenos. Ser\u00eda bueno conocer el nombre de los convencionales involucrados en esta situaci\u00f3n, los chilenos tienen derecho a conocer c\u00f3mo act\u00faan sus representantes\u201d.&nbsp;<\/p>\n\n\n\n<p style=\"font-size:17px\">\u201cEl rol de los Convencionales no es irse de paseo y darse un fest\u00edn en las noches con platas p\u00fablicas, sino redactar un texto constitucional que deber\u00e1 ser propuesto a la ciudadan\u00eda\u201d, y agreg\u00f3 que: \u201cLes daba miedo ir a Ca\u00f1ete y otras zonas de conflicto, por el peligro que se vive en el lugar fruto del terrorismo que algunos de los mismos convencionales han respaldado, pero al parecer no tienen ning\u00fan problema en comportarse de manera prepotente e inadecuada\u201d.<br><br>Finalmente el Diputado J\u00fcrgensen envi\u00f3 un mensaje a los Convencionales: \u201cRecomiendo a los miembros de la Constituyente&nbsp; que dejen de perder el tiempo, porque el pr\u00f3ximo Congreso no aguantar\u00e1 extender el plazo y menos si vemos un comportamiento tan impropio en ellos.\u201d<\/p>\n","protected":false},"excerpt":{"rendered":"<p>De confirmarse los hechos, seg\u00fan el parlamentario \u201ces inapropiada en toda circunstancia, y es inaceptable en autoridades o representantes de los chilenos. M\u00e1s a\u00fan cuando el viaje fue financiado con fondos p\u00fablicos, plata de todos los chilenos.\u201d<\/p>\n","protected":false},"author":1,"featured_media":3274,"comment_status":"closed","ping_status":"closed","sticky":false,"template":"","format":"standard","meta":{"footnotes":""},"categories":[6],"tags":[],"class_list":["post-3273","post","type-post","status-publish","format-standard","has-post-thumbnail","hentry","category-politica"],"_links":{"self":[{"href":"https:\/\/www.semanariolocal.cl\/index.php?rest_route=\/wp\/v2\/posts\/3273","targetHints":{"allow":["GET"]}}],"collection":[{"href":"https:\/\/www.semanariolocal.cl\/index.php?rest_route=\/wp\/v2\/posts"}],"about":[{"href":"https:\/\/www.semanariolocal.cl\/index.php?rest_route=\/wp\/v2\/types\/post"}],"author":[{"embeddable":true,"href":"https:\/\/www.semanariolocal.cl\/index.php?rest_route=\/wp\/v2\/users\/1"}],"replies":[{"embeddable":true,"href":"https:\/\/www.semanariolocal.cl\/index.php?rest_route=%2Fwp%2Fv2%2Fcomments&post=3273"}],"version-history":[{"count":1,"href":"https:\/\/www.semanariolocal.cl\/index.php?rest_route=\/wp\/v2\/posts\/3273\/revisions"}],"predecessor-version":[{"id":3275,"href":"https:\/\/www.semanariolocal.cl\/index.php?rest_route=\/wp\/v2\/posts\/3273\/revisions\/3275"}],"wp:featuredmedia":[{"embeddable":true,"href":"https:\/\/www.semanariolocal.cl\/index.php?rest_route=\/wp\/v2\/media\/3274"}],"wp:attachment":[{"href":"https:\/\/www.semanariolocal.cl\/index.php?rest_route=%2Fwp%2Fv2%2Fmedia&parent=3273"}],"wp:term":[{"taxonomy":"category","embeddable":true,"href":"https:\/\/www.semanariolocal.cl\/index.php?rest_route=%2Fwp%2Fv2%2Fcategories&post=3273"},{"taxonomy":"post_tag","embeddable":true,"href":"https:\/\/www.semanariolocal.cl\/index.php?rest_route=%2Fwp%2Fv2%2Ftags&post=3273"}],"curies":[{"name":"wp","href":"https:\/\/api.w.org\/{rel}","templated":true}]}}