{"id":32725,"date":"2025-12-18T11:30:00","date_gmt":"2025-12-18T14:30:00","guid":{"rendered":"https:\/\/www.semanariolocal.cl\/?p=32725"},"modified":"2025-12-20T23:26:49","modified_gmt":"2025-12-21T02:26:49","slug":"de-la-colmena-al-frasco-como-un-sello-de-inocuidad-busca-blindar-la-miel-chilena","status":"publish","type":"post","link":"https:\/\/www.semanariolocal.cl\/?p=32725","title":{"rendered":"De la colmena al frasco: c\u00f3mo un sello de inocuidad busca blindar la miel chilena"},"content":{"rendered":"\n<p><strong><mark style=\"background-color:#abb8c3\" class=\"has-inline-color has-white-color\">18 de diciembre del 2025.- <\/mark><\/strong>Diciembre es un mes clave para el rubro. \u201cAhora est\u00e1n en plena cosecha, entonces est\u00e1n en plena producci\u00f3n\u201d, explica la investigadora Claudia Foerster, parte del equipo que lidera esta iniciativa. Con la extracci\u00f3n y el envasado en su punto m\u00e1s intenso, tambi\u00e9n se multiplican los momentos en que un descuido puede afectar la inocuidad del producto.<\/p>\n\n\n\n<p>La iniciativa se desarrolla en el marco del proyecto \u201cAumento de la competitividad para los rubros hort\u00edcola y ap\u00edcola de la Regi\u00f3n de O\u2019Higgins mediante el Sello Reducci\u00f3n de Riesgos Alimentarios (Sello RRA)\u201d, financiado a trav\u00e9s del Fondo de Innovaci\u00f3n para la Competitividad (FIC) del Gobierno Regional de O\u2019Higgins y su Consejo Regional, enmarcado en la Estrategia Regional de Innovaci\u00f3n. \u201cEstamos apoyando una iniciativa de alto est\u00e1ndar cient\u00edfico que busca&nbsp;proteger la miel chilena, impulsando su consumo natural e inocuo\u201d, afirma el gobernador, Pablo Silva Amaya.<\/p>\n\n\n\n<p>El diagn\u00f3stico t\u00e9cnico del proyecto pone el foco, primero, en los riesgos qu\u00edmicos asociados al manejo sanitario de las colmenas. \u201cLo que buscamos es mejorar las buenas pr\u00e1cticas ap\u00edcolas, sobre todo disminuyendo el uso de medicamentos no autorizados\u201d, se\u00f1ala Foerster.<\/p>\n\n\n\n<p>Esto se vuelve especialmente relevante en un sector donde se han detectado trazas de sustancias que hoy est\u00e1n prohibidas en mieles, reforzando la necesidad de capacitaci\u00f3n y de un uso responsable de tratamientos permitidos, respetando dosis y per\u00edodos de resguardo.&nbsp; A lo anterior se suma la influencia del entorno agr\u00edcola. \u201cHemos encontrado algunos residuos de pesticidas cuando las colmenas est\u00e1n cercanos a campos de cultivo\u201d, explica la investigadora.<\/p>\n\n\n\n<p><strong>Qu\u00e9 eval\u00faa el sello y por qu\u00e9 importa en plena cosecha<\/strong><\/p>\n\n\n\n<p>El segundo eje est\u00e1 en la higiene y la manipulaci\u00f3n, especialmente en la cosecha. \u201cHemos encontrado algunos pat\u00f3genos, sobre todo asociados a una mala manipulaci\u00f3n, tanto de la miel como de las etapas de extracci\u00f3n\u201d, indica Foerster.&nbsp; Por eso, el sello exige condiciones m\u00ednimas para la sala de extracci\u00f3n y envasado: \u201cExigimos resoluci\u00f3n sanitaria, porque se necesita que sea un lugar cerrado, con paredes lavables, con agua potable y muchas veces se realiza en el campo. Queremos diferenciar estos productos, crear valor y que se puedan vender en mejores mercados\u201d, afirma Foerster.<\/p>\n\n\n\n<p>Para lograrlo, el est\u00e1ndar incorpora trazabilidad con herramientas simples pero claves: \u201cEntregamos cuadernos de campo para ver lo que se ha hecho con la colmena y despu\u00e9s con la miel, y a qui\u00e9n se ha vendido porque muchas veces no se sabe de d\u00f3nde viene la miel\u201d. El componente que termina de \u201ccerrar el c\u00edrculo\u201d es la verificaci\u00f3n. \u201cUno puede decir que hace todo bien, pero la otra cosa es demostrarlo\u201d, enfatiza Foerster.<\/p>\n\n\n\n<p>En esa l\u00ednea, el proyecto contempla an\u00e1lisis en laboratorio \u2014microbiol\u00f3gicos y de residuos\u2014, incluyendo \u201cun screening de residuos de antibi\u00f3ticos y plaguicidas\u201d.<\/p>\n\n\n\n<p>Desde la vereda de los productores, el respaldo t\u00e9cnico es parte del valor. Felipe Barrera, fundador de Montecarmelo Colmenares y uno de los apicultores certificados, lo resume as\u00ed: \u201cPara m\u00ed y para nuestra empresa es un gran avance, porque de esa forma certificamos que hacemos las cosas bien; no basta con solo decirlo, esto te avala\u201d.<\/p>\n\n\n\n<p>Barrera agrega que la certificaci\u00f3n \u201cnos da trazabilidad, nos entrega m\u00e1s valor y tambi\u00e9n tranquilidad al consumidor\u201d.<\/p>\n\n\n\n<p>El sello RRA se plantea como base para avanzar hacia mercados m\u00e1s exigentes: certifica el cumplimiento de la normativa nacional, es decir, busca entregar confianza en el mercado interno y, como explica Foerster, \u201clo vemos como el primer escal\u00f3n para que en el futuro ellos puedan exportar\u201d.<\/p>\n\n\n\n<p>Para el consumidor, Barrera recomienda mirar m\u00e1s all\u00e1 de la etiqueta y preguntar por c\u00f3mo se produce: \u201cEs muy importante ped\u00edrselo al que est\u00e1 vendiendo miel: qu\u00e9 registros tiene o c\u00f3mo procesa su miel\u201d.<\/p>\n\n\n\n<p>En esa transparencia; desde la colmena al frasco; el Sello RRA apunta a hacer visible lo que normalmente queda fuera de la vista: buenas pr\u00e1cticas, registros, condiciones sanitarias y evidencia anal\u00edtica que respalde la inocuidad.<\/p>\n","protected":false},"excerpt":{"rendered":"<p>En plena temporada de cosecha, un proyecto impulsado desde la academia est\u00e1 promoviendo buenas pr\u00e1cticas ap\u00edcolas y verificaci\u00f3n en laboratorio para diferenciar mieles aut\u00e9nticas e inocuas.<\/p>\n","protected":false},"author":1,"featured_media":32726,"comment_status":"closed","ping_status":"closed","sticky":false,"template":"","format":"standard","meta":{"footnotes":""},"categories":[3,3847,3849,3801,4570],"tags":[2118,337,4809,273,247,133],"class_list":["post-32725","post","type-post","status-publish","format-standard","has-post-thumbnail","hentry","category-al-dia","category-emprendedores","category-empresa-privada","category-produccion","category-trabajo-y-empleo","tag-semanariolocal","tag-informacion","tag-miel","tag-noticias","tag-region-de-los-lagos","tag-semanario-local"],"_links":{"self":[{"href":"https:\/\/www.semanariolocal.cl\/index.php?rest_route=\/wp\/v2\/posts\/32725","targetHints":{"allow":["GET"]}}],"collection":[{"href":"https:\/\/www.semanariolocal.cl\/index.php?rest_route=\/wp\/v2\/posts"}],"about":[{"href":"https:\/\/www.semanariolocal.cl\/index.php?rest_route=\/wp\/v2\/types\/post"}],"author":[{"embeddable":true,"href":"https:\/\/www.semanariolocal.cl\/index.php?rest_route=\/wp\/v2\/users\/1"}],"replies":[{"embeddable":true,"href":"https:\/\/www.semanariolocal.cl\/index.php?rest_route=%2Fwp%2Fv2%2Fcomments&post=32725"}],"version-history":[{"count":1,"href":"https:\/\/www.semanariolocal.cl\/index.php?rest_route=\/wp\/v2\/posts\/32725\/revisions"}],"predecessor-version":[{"id":32727,"href":"https:\/\/www.semanariolocal.cl\/index.php?rest_route=\/wp\/v2\/posts\/32725\/revisions\/32727"}],"wp:featuredmedia":[{"embeddable":true,"href":"https:\/\/www.semanariolocal.cl\/index.php?rest_route=\/wp\/v2\/media\/32726"}],"wp:attachment":[{"href":"https:\/\/www.semanariolocal.cl\/index.php?rest_route=%2Fwp%2Fv2%2Fmedia&parent=32725"}],"wp:term":[{"taxonomy":"category","embeddable":true,"href":"https:\/\/www.semanariolocal.cl\/index.php?rest_route=%2Fwp%2Fv2%2Fcategories&post=32725"},{"taxonomy":"post_tag","embeddable":true,"href":"https:\/\/www.semanariolocal.cl\/index.php?rest_route=%2Fwp%2Fv2%2Ftags&post=32725"}],"curies":[{"name":"wp","href":"https:\/\/api.w.org\/{rel}","templated":true}]}}