{"id":32670,"date":"2025-12-21T07:30:00","date_gmt":"2025-12-21T10:30:00","guid":{"rendered":"https:\/\/www.semanariolocal.cl\/?p=32670"},"modified":"2025-12-20T19:34:30","modified_gmt":"2025-12-20T22:34:30","slug":"nueva-ley-y-planificacion-participativa","status":"publish","type":"post","link":"https:\/\/www.semanariolocal.cl\/?p=32670","title":{"rendered":"Nueva ley y planificaci\u00f3n participativa"},"content":{"rendered":"\n<p><strong><mark style=\"background-color:#abb8c3\" class=\"has-inline-color has-white-color\">21 de diciembre del 2025.- <\/mark><\/strong>Un informe del Ministerio de Vivienda y Urbanismo (Minvu) y Naciones Unidas, de 2023, se\u00f1ala que el tiempo promedio para hacer y aprobar un Plan Regulador Comunal (PRC) es de m\u00e1s de 5,5 a\u00f1os. Otro problema es que los Planes Reguladores no apalancan recursos para ejecutar proyectos como calles, parques o equipamientos. Por lo tanto, no es de extra\u00f1ar que haya escasos incentivos para la participaci\u00f3n ciudadana en este tipo de instrumentos.<\/p>\n\n\n\n<p>Sin embargo, esta semana tuvimos buenas noticias. Ambas c\u00e1maras del Congreso aprobaron la Ley para el fortalecimiento y modernizaci\u00f3n del sistema de planificaci\u00f3n territorial, que ajusta los plazos de revisi\u00f3n y tramitaci\u00f3n de los Planes Reguladores. Pero esta ley trae tambi\u00e9n otro tipo de avances: Formaliza distintos instrumentos de gesti\u00f3n urbana, como las Habilitaciones Normativas o los Planes Maestros de Regeneraci\u00f3n, que permitir\u00e1n al Estado facilitar la ejecuci\u00f3n de proyectos de inter\u00e9s p\u00fablico.<\/p>\n\n\n\n<p>Un buen ejemplo de este tipo de instrumentos son las Zonas de Inter\u00e9s P\u00fablico (ZIP), como la iniciativa piloto del Minvu que nos encontramos desarrollando en alianza con la consultora BL Bresciani en el sector de Ovejer\u00eda Bajo en Osorno. Las ZIP son Planes Maestros construidos junto a la comunidad y actores p\u00fablicos y privados para priorizar inversi\u00f3n p\u00fablica en el territorio, de manera coordinada y participativa. Es por eso que miramos con muy buenos ojos este tipo de planes, elaborados con una amplia participaci\u00f3n de las comunidades, y que permiten enfocar esfuerzos p\u00fablicos en una planificaci\u00f3n urbana integral con resultados concretos, que s\u00ed pueda cumplir las expectativas de la ciudadan\u00eda para la mejora de las condiciones en importantes sectores de nuestras ciudades.<\/p>\n\n\n\n<p><strong>Gustavo Vicentini Harboe &#8211; Director de Operaciones y Socio Fundador de Co-Habitar<\/strong><\/p>\n","protected":false},"excerpt":{"rendered":"<p>El Congreso aprob\u00f3 la Ley para el fortalecimiento y modernizaci\u00f3n del sistema de planificaci\u00f3n territorial, que ajusta los plazos de revisi\u00f3n y tramitaci\u00f3n de los Planes Reguladores. <\/p>\n","protected":false},"author":1,"featured_media":32671,"comment_status":"closed","ping_status":"closed","sticky":false,"template":"","format":"standard","meta":{"footnotes":""},"categories":[3,3843,3858,4480,3823,7],"tags":[2118,4797,4796,337,273,247,133,756],"class_list":["post-32670","post","type-post","status-publish","format-standard","has-post-thumbnail","hentry","category-al-dia","category-derechos-sociales","category-fundaciones","category-legal-y-judicial","category-ong","category-opinion","tag-semanariolocal","tag-co-habitar","tag-gustavo-vicentini-harboe","tag-informacion","tag-noticias","tag-region-de-los-lagos","tag-semanario-local","tag-vivienda"],"_links":{"self":[{"href":"https:\/\/www.semanariolocal.cl\/index.php?rest_route=\/wp\/v2\/posts\/32670","targetHints":{"allow":["GET"]}}],"collection":[{"href":"https:\/\/www.semanariolocal.cl\/index.php?rest_route=\/wp\/v2\/posts"}],"about":[{"href":"https:\/\/www.semanariolocal.cl\/index.php?rest_route=\/wp\/v2\/types\/post"}],"author":[{"embeddable":true,"href":"https:\/\/www.semanariolocal.cl\/index.php?rest_route=\/wp\/v2\/users\/1"}],"replies":[{"embeddable":true,"href":"https:\/\/www.semanariolocal.cl\/index.php?rest_route=%2Fwp%2Fv2%2Fcomments&post=32670"}],"version-history":[{"count":1,"href":"https:\/\/www.semanariolocal.cl\/index.php?rest_route=\/wp\/v2\/posts\/32670\/revisions"}],"predecessor-version":[{"id":32672,"href":"https:\/\/www.semanariolocal.cl\/index.php?rest_route=\/wp\/v2\/posts\/32670\/revisions\/32672"}],"wp:featuredmedia":[{"embeddable":true,"href":"https:\/\/www.semanariolocal.cl\/index.php?rest_route=\/wp\/v2\/media\/32671"}],"wp:attachment":[{"href":"https:\/\/www.semanariolocal.cl\/index.php?rest_route=%2Fwp%2Fv2%2Fmedia&parent=32670"}],"wp:term":[{"taxonomy":"category","embeddable":true,"href":"https:\/\/www.semanariolocal.cl\/index.php?rest_route=%2Fwp%2Fv2%2Fcategories&post=32670"},{"taxonomy":"post_tag","embeddable":true,"href":"https:\/\/www.semanariolocal.cl\/index.php?rest_route=%2Fwp%2Fv2%2Ftags&post=32670"}],"curies":[{"name":"wp","href":"https:\/\/api.w.org\/{rel}","templated":true}]}}