{"id":32660,"date":"2025-12-15T11:15:00","date_gmt":"2025-12-15T14:15:00","guid":{"rendered":"https:\/\/www.semanariolocal.cl\/?p=32660"},"modified":"2025-12-17T20:54:35","modified_gmt":"2025-12-17T23:54:35","slug":"prohibicion-de-uso-de-celulares-en-alumnos-con-necesidades-especiales","status":"publish","type":"post","link":"https:\/\/www.semanariolocal.cl\/?p=32660","title":{"rendered":"Prohibici\u00f3n de uso de celulares en alumnos con necesidades especiales"},"content":{"rendered":"\n<p><strong><mark style=\"background-color:#abb8c3\" class=\"has-inline-color has-white-color\">15 de Diciembre del 2025.-<\/mark><\/strong> La reciente aprobaci\u00f3n de la ley que regula y proh\u00edbe el uso de tel\u00e9fonos celulares en los establecimientos educacionales en Chile ha abierto un debate necesario sobre la contribuci\u00f3n de la tecnolog\u00eda en los procesos de ense\u00f1anza y aprendizaje.  <a>La normativa busca beneficiar la atenci\u00f3n, la convivencia escolar y el desarrollo de habilidades sociales, <\/a>reduciendo las distracciones y los riesgos asociados al uso inadecuado de dispositivos m\u00f3viles en el aula.<\/p>\n\n\n\n<p>Sin embargo, esta discusi\u00f3n no puede abordarse desde una mirada homog\u00e9nea, espec\u00edficamente desde la inclusi\u00f3n. En el sistema escolar chileno existen estudiantes que presentan Necesidades Educativas Especiales (NEE), que utilizan el tel\u00e9fono celular como una herramienta de apoyo fundamental para su comunicaci\u00f3n, autorregulaci\u00f3n y participaci\u00f3n en la vida escolar.<\/p>\n\n\n\n<p>De acuerdo con la Ley N\u00b0 20.422, que establece normas sobre igualdad de oportunidades e inclusi\u00f3n social de personas con discapacidad, el sistema educativo debe garantizar los apoyos y ajustes necesarios para favorecer la participaci\u00f3n plena y efectiva de los estudiantes en igualdad de condiciones. En este marco, existen ni\u00f1os, ni\u00f1as y adolescentes que utilizan el tel\u00e9fono celular como una herramienta de apoyo esencial, especialmente en el contexto de los Sistemas de Comunicaci\u00f3n Alternativa y Aumentativa (SCAA), los cuales permiten complementar o sustituir el lenguaje oral mediante apoyos visuales, auditivos o digitales, en este contexto el celular se transforma en un medio para ejercer su derecho a comunicarse, expresar necesidades, emociones e ideas, y participar activamente en el aula.<\/p>\n\n\n\n<p>Asimismo, en el caso de estudiantes con Condici\u00f3n del Espectro Autista (CEA), la Ley N\u00b0 21.545, reconoce la necesidad de implementar apoyos espec\u00edficos que favorezcan su bienestar, permanencia y trayectoria educativa, el uso del celular puede cumplir una funci\u00f3n relevante en la mantenci\u00f3n de rutinas, la anticipaci\u00f3n de actividades, la regulaci\u00f3n sensorial y la disminuci\u00f3n de la ansiedad. Aplicaciones de agendas visuales, temporizadores, pictogramas o apoyos visuales digitales forman parte de sus apoyos razonables y contribuyen significativamente a su bienestar y permanencia en el espacio educativo.<\/p>\n\n\n\n<p>Frente a este escenario, surge una pregunta clave para las comunidades educativas: <em>\u00bfc\u00f3mo mediar la implementaci\u00f3n de esta ley sin vulnerar el principio de inclusi\u00f3n y el derecho a la educaci\u00f3n de todos y todas?<\/em><\/p>\n\n\n\n<p>Recomendaciones para una implementaci\u00f3n inclusiva<\/p>\n\n\n\n<ol start=\"1\" class=\"wp-block-list\">\n<li>Diferenciar uso pedag\u00f3gico y uso de apoyo. Reconocer expl\u00edcitamente que existen usos del celular asociados a apoyos educativos y comunicativos.<\/li>\n\n\n\n<li>Incorporar excepciones fundadas en protocolos institucionales, previa evaluaci\u00f3n del equipo de apoyo (PIE, UTP, orientaci\u00f3n, convivencia escolar) y con respaldo del plan educativo individual del estudiante.<\/li>\n\n\n\n<li>Definir criterios claros y compartidos para el uso, resguardo y supervisi\u00f3n del dispositivo, evitando arbitrariedades y asegurando coherencia entre docentes, asistentes de la educaci\u00f3n y equipos directivos.<\/li>\n\n\n\n<li>Formar a la comunidad educativa, promoviendo una comprensi\u00f3n amplia del uso de la tecnolog\u00eda como herramienta de equidad.<\/li>\n\n\n\n<li>Trabajo colaborativo con las familias, su finalidad educativa y las estrategias de acompa\u00f1amiento, fortaleciendo la corresponsabilidad.<\/li>\n<\/ol>\n\n\n\n<p>La implementaci\u00f3n de esta ley representa una oportunidad para fortalecer la gesti\u00f3n institucional desde un enfoque inclusivo, coherente con la normativa vigente sobre educaci\u00f3n especial e inclusi\u00f3n. M\u00e1s que una prohibici\u00f3n r\u00edgida, el desaf\u00edo est\u00e1 en regular con criterio pedag\u00f3gico, reconociendo la diversidad de trayectorias, necesidades y apoyos que conviven en las aulas chilenas.<\/p>\n\n\n\n<p><strong>Monona Vald\u00e9s Cort\u00e9s, directora de Educaci\u00f3n Diferencial UNAB.<\/strong><\/p>\n\n\n\n<p><\/p>\n","protected":false},"excerpt":{"rendered":"<p>La normativa busca beneficiar la atenci\u00f3n, la convivencia escolar y el desarrollo de habilidades sociales, <\/p>\n","protected":false},"author":1,"featured_media":32661,"comment_status":"closed","ping_status":"closed","sticky":false,"template":"","format":"standard","meta":{"footnotes":""},"categories":[3,11,7],"tags":[2118,77,337,4786,273,247,133,1822],"class_list":["post-32660","post","type-post","status-publish","format-standard","has-post-thumbnail","hentry","category-al-dia","category-educacion","category-opinion","tag-semanariolocal","tag-educacion","tag-informacion","tag-monona-valdes-cortes","tag-noticias","tag-region-de-los-lagos","tag-semanario-local","tag-universidad-andres-bello"],"_links":{"self":[{"href":"https:\/\/www.semanariolocal.cl\/index.php?rest_route=\/wp\/v2\/posts\/32660","targetHints":{"allow":["GET"]}}],"collection":[{"href":"https:\/\/www.semanariolocal.cl\/index.php?rest_route=\/wp\/v2\/posts"}],"about":[{"href":"https:\/\/www.semanariolocal.cl\/index.php?rest_route=\/wp\/v2\/types\/post"}],"author":[{"embeddable":true,"href":"https:\/\/www.semanariolocal.cl\/index.php?rest_route=\/wp\/v2\/users\/1"}],"replies":[{"embeddable":true,"href":"https:\/\/www.semanariolocal.cl\/index.php?rest_route=%2Fwp%2Fv2%2Fcomments&post=32660"}],"version-history":[{"count":1,"href":"https:\/\/www.semanariolocal.cl\/index.php?rest_route=\/wp\/v2\/posts\/32660\/revisions"}],"predecessor-version":[{"id":32662,"href":"https:\/\/www.semanariolocal.cl\/index.php?rest_route=\/wp\/v2\/posts\/32660\/revisions\/32662"}],"wp:featuredmedia":[{"embeddable":true,"href":"https:\/\/www.semanariolocal.cl\/index.php?rest_route=\/wp\/v2\/media\/32661"}],"wp:attachment":[{"href":"https:\/\/www.semanariolocal.cl\/index.php?rest_route=%2Fwp%2Fv2%2Fmedia&parent=32660"}],"wp:term":[{"taxonomy":"category","embeddable":true,"href":"https:\/\/www.semanariolocal.cl\/index.php?rest_route=%2Fwp%2Fv2%2Fcategories&post=32660"},{"taxonomy":"post_tag","embeddable":true,"href":"https:\/\/www.semanariolocal.cl\/index.php?rest_route=%2Fwp%2Fv2%2Ftags&post=32660"}],"curies":[{"name":"wp","href":"https:\/\/api.w.org\/{rel}","templated":true}]}}