{"id":3266,"date":"2021-11-26T13:11:10","date_gmt":"2021-11-26T16:11:10","guid":{"rendered":"https:\/\/www.semanariolocal.cl\/?p=3266"},"modified":"2021-11-26T13:11:10","modified_gmt":"2021-11-26T16:11:10","slug":"con-foco-puesto-en-escasez-hidrica-y-cambio-climatico-indap-celebra-59-anos-de-vida","status":"publish","type":"post","link":"https:\/\/www.semanariolocal.cl\/?p=3266","title":{"rendered":"Con foco puesto en escasez h\u00eddrica y cambio clim\u00e1tico INDAP celebra 59 a\u00f1os de vida"},"content":{"rendered":"\n<p style=\"font-size:17px\">Con el compromiso de \u201ccontinuar apoyando a la Agricultura Familiar Campesina ante los nuevos desaf\u00edos que nos plantean hoy el cambio clim\u00e1tico y la escasez h\u00eddrica\u201d, el Instituto de Desarrollo Agropecuario (INDAP) celebra este s\u00e1bado 59 a\u00f1os de vida. As\u00ed lo expres\u00f3 el director nacional de la instituci\u00f3n, Carlos Recondo, quien dijo que \u201cel agua es un bien cada vez m\u00e1s escaso y la tarea de los pr\u00f3ximos a\u00f1os es que nuestros usuarios puedan adaptarse y superar esta realidad, para as\u00ed seguir llevando alimentos a las mesas de los chilenos\u201d.<\/p>\n\n\n\n<p style=\"font-size:17px\">INDAP es un servicio dependiente del Ministerio de Agricultura que fue creado el 27 de noviembre de 1962, durante el gobierno de Arturo Alessandri Rodr\u00edguez. Su misi\u00f3n es promover el desarrollo econ\u00f3mico, social y tecnol\u00f3gico de peque\u00f1os agricultores y campesinos, y actualmente trabaja con m\u00e1s de 160 mil productores a trav\u00e9s de sus programas de asistencia t\u00e9cnica, capacitaci\u00f3n, subsidios, cr\u00e9ditos, alianzas productivas y comercializaci\u00f3n, entre otros.<\/p>\n\n\n\n<p style=\"font-size:17px\">Recondo expres\u00f3 que ante la emergencia agr\u00edcola por sequ\u00eda que vive gran parte del pa\u00eds, INDAP est\u00e1 impulsando el riego eficiente, el uso de energ\u00edas limpias y la modernizaci\u00f3n de la peque\u00f1a agricultura, y destac\u00f3 que el presupuesto de riego de este a\u00f1o es el m\u00e1s grande de su historia. A los $21.100 millones de los programas regulares, para tecnificaci\u00f3n, acumulaci\u00f3n y regularizaci\u00f3n de derechos de agua, se sumaron $10.000 millones del Fondo de Emergencia Transitorio COVID-19 (FET), que permitir\u00e1n ejecutar 537 proyectos de riego durante 2021-2022, y $9.600 millones para construir 800 pozos en comunidades ind\u00edgenas de Biob\u00edo a Los Lagos.<\/p>\n\n\n\n<p style=\"font-size:17px\">\u201cSon un total de $32.600 millones que beneficiar\u00e1n a 11.000 peque\u00f1os agricultores, a quienes les daremos mayor certeza de riego y proyectos que les garanticen m\u00e1s eficiencia en el uso del agua\u201d, recalc\u00f3 Recondo. A\u00f1adi\u00f3 que \u201cel desaf\u00edo es tener un esp\u00edritu innovador y avanzar hacia sistemas productivos sustentables, aumentando las hect\u00e1reas con riego tecnificado y la participaci\u00f3n de las organizaciones de regantes que administran el recurso h\u00eddrico\u201d.<\/p>\n\n\n\n<p style=\"font-size:17px\">Conjuntamente -dijo Recondo-, se ha privilegiado el uso de energ\u00eda solar en los sistemas de riego: Entre 2018 y julio de 2021 hay 1.437 proyectos ejecutados, con 2.305 usuarios beneficiados y una potencia instalada de 3.948 kW. Seg\u00fan el directivo del agro, cada vez existe m\u00e1s conciencia entre los agricultores sobre la importancia de la eficiencia h\u00eddrica, \u201cy un papel crucial en esto lo tuvieron los Talleres de Modernizaci\u00f3n del Agro y Adaptaci\u00f3n al Cambio Clim\u00e1tico que realizamos en las 16 regiones del pa\u00eds con la participaron de m\u00e1s de mil usuarios\u201d.<\/p>\n\n\n\n<p style=\"font-size:17px\">Asimismo, destac\u00f3 que \u201cestos \u00faltimos a\u00f1os INDAP ha potenciado la diversificaci\u00f3n agr\u00edcola en la zona sur del pa\u00eds, pasando a cultivos m\u00e1s rentables que permitan mejores ingresos a las familias campesinas, y es as\u00ed como se han establecido huertos de nuevas variedades de frutales,&nbsp;berries&nbsp;y vi\u00f1as en zonas donde antes era impensado\u201d.&nbsp;<\/p>\n\n\n\n<p style=\"font-size:17px\">El director nacional de INDAP tambi\u00e9n se refiri\u00f3 a la complejidad del trabajo institucional durante la crisis sanitaria por el Covid-19 y sostuvo que \u201ctuvimos que atender los miedos, los riesgos y los trastornos que ha involucrado la pandemia, y lo pudimos hacer de buena forma gracias a nuestros funcionarios, que entregan su tiempo y su vida a esta tarea\u201d.<\/p>\n\n\n\n<p style=\"font-size:17px\">\u201cEn estos casi cuatro a\u00f1os que ya llevo al frente de este servicio he estado casi todas las semanas en terreno y es muy gratificante escuchar el agradecimiento de los agricultores. Pero no podemos quedarnos en el reconocimiento; adem\u00e1s de ayudarlos a ser m\u00e1s productivos y mejorar su calidad de vida, hoy sumamos los nuevos desaf\u00edos del cambio clim\u00e1tico y la escasez h\u00eddrica, y debemos apoyarlos para que se adapten a esta realidad\u201d, dijo Recondo.<\/p>\n\n\n\n<p style=\"font-size:17px\"><strong>Ceremonia&nbsp;institucional&nbsp;<\/strong>&nbsp;<\/p>\n\n\n\n<p style=\"font-size:17px\">Junto con celebrar los 59 a\u00f1os, INDAP llev\u00f3 a cabo la tradicional ceremonia de reconocimiento por a\u00f1os de servicios, donde se reconoci\u00f3 el trabajo de los funcionarios y funcionarias que trabajan en&nbsp;pos&nbsp;de la Agricultura Familiar Campesina de nuestro pa\u00eds y que cumplieron entre 15 y 50 a\u00f1os en la instituci\u00f3n.<\/p>\n\n\n\n<p style=\"font-size:17px\">Destac\u00f3 especialmente el reconocimiento otorgado a C\u00e9sar Ignacio L\u00f3pez, funcionario distinguido por sus 50 a\u00f1os de labor en la instituci\u00f3n. \u201cNunca pens\u00e9 llegar a los 50 a\u00f1os en INDAP, menos en este estado de salud: l\u00facido y \u00e1gil; eso gracias a INDAP. Este trabajo es lo mejor, hermoso. Ha sido una universidad para m\u00ed: todo lo que s\u00e9, lo s\u00e9 por los viajes, conociendo gente y agricultores\u201d, coment\u00f3. L\u00f3pez coment\u00f3 que \u201che conocido mucha gente, autoridades como el ex Presidente Frei padre y al hijo con quien jugaba baby f\u00fatbol; al director nacional actual lo conoc\u00ed en Puerto Montt, en los a\u00f1os 80, queriendo crear el \u00e1rea de Los Muermos. Como conductor conozco a muchas personas, lugares\u2026 Vas donde un agricultor y ves 10 a\u00f1os despu\u00e9s, totalmente transformado, gracias a nuestra instituci\u00f3n\u201d, record\u00f3.<\/p>\n\n\n\n<p style=\"font-size:17px\">INDAP cuenta con 16 direcciones regionales, 136 agencias y oficinas de \u00e1rea a lo largo de todo el pa\u00eds, que lo transforman en uno de los organismos p\u00fablicos con mayor presencia nacional. Son estas unidades territoriales, ubicadas en las principales capitales regionales y provinciales, las que junto al compromiso de los profesionales que all\u00ed laboran, permiten a este servicio abarcar zonas geogr\u00e1ficamente apartadas y de dif\u00edcil acceso para entregar asesor\u00eda t\u00e9cnica y orientaci\u00f3n a los peque\u00f1os agricultores en los diversos \u00e1mbitos de su quehacer productivo.<\/p>\n","protected":false},"excerpt":{"rendered":"<p>Con el compromiso de \u201ccontinuar apoyando a la Agricultura Familiar Campesina ante los nuevos desaf\u00edos que nos plantean hoy el cambio clim\u00e1tico y la escasez h\u00eddrica\u201d, el Instituto de Desarrollo Agropecuario (INDAP) celebra este s\u00e1bado 59 a\u00f1os de vida. As\u00ed lo expres\u00f3 el director nacional de la instituci\u00f3n, Carlos Recondo, quien dijo que \u201cel agua&#8230;<a class=\"btnReadMore\" href=\"https:\/\/www.semanariolocal.cl\/?p=3266\"> Leer M\u00e1s<\/a><\/p>\n","protected":false},"author":1,"featured_media":3267,"comment_status":"closed","ping_status":"closed","sticky":false,"template":"","format":"standard","meta":{"footnotes":""},"categories":[20,3],"tags":[],"class_list":["post-3266","post","type-post","status-publish","format-standard","has-post-thumbnail","hentry","category-agro","category-al-dia"],"_links":{"self":[{"href":"https:\/\/www.semanariolocal.cl\/index.php?rest_route=\/wp\/v2\/posts\/3266","targetHints":{"allow":["GET"]}}],"collection":[{"href":"https:\/\/www.semanariolocal.cl\/index.php?rest_route=\/wp\/v2\/posts"}],"about":[{"href":"https:\/\/www.semanariolocal.cl\/index.php?rest_route=\/wp\/v2\/types\/post"}],"author":[{"embeddable":true,"href":"https:\/\/www.semanariolocal.cl\/index.php?rest_route=\/wp\/v2\/users\/1"}],"replies":[{"embeddable":true,"href":"https:\/\/www.semanariolocal.cl\/index.php?rest_route=%2Fwp%2Fv2%2Fcomments&post=3266"}],"version-history":[{"count":1,"href":"https:\/\/www.semanariolocal.cl\/index.php?rest_route=\/wp\/v2\/posts\/3266\/revisions"}],"predecessor-version":[{"id":3268,"href":"https:\/\/www.semanariolocal.cl\/index.php?rest_route=\/wp\/v2\/posts\/3266\/revisions\/3268"}],"wp:featuredmedia":[{"embeddable":true,"href":"https:\/\/www.semanariolocal.cl\/index.php?rest_route=\/wp\/v2\/media\/3267"}],"wp:attachment":[{"href":"https:\/\/www.semanariolocal.cl\/index.php?rest_route=%2Fwp%2Fv2%2Fmedia&parent=3266"}],"wp:term":[{"taxonomy":"category","embeddable":true,"href":"https:\/\/www.semanariolocal.cl\/index.php?rest_route=%2Fwp%2Fv2%2Fcategories&post=3266"},{"taxonomy":"post_tag","embeddable":true,"href":"https:\/\/www.semanariolocal.cl\/index.php?rest_route=%2Fwp%2Fv2%2Ftags&post=3266"}],"curies":[{"name":"wp","href":"https:\/\/api.w.org\/{rel}","templated":true}]}}