{"id":3260,"date":"2021-11-26T13:03:44","date_gmt":"2021-11-26T16:03:44","guid":{"rendered":"https:\/\/www.semanariolocal.cl\/?p=3260"},"modified":"2021-11-26T13:03:44","modified_gmt":"2021-11-26T16:03:44","slug":"carabineros-ha-capacitado-a-mas-de-mil-600-funcionario-en-materia-de-derechos-humanos-en-la-region","status":"publish","type":"post","link":"https:\/\/www.semanariolocal.cl\/?p=3260","title":{"rendered":"Carabineros ha capacitado a m\u00e1s de mil 600 funcionario en materia de derechos humanos en la regi\u00f3n"},"content":{"rendered":"\n<p style=\"font-size:17px\">M\u00e1s de mil 600 carabineros de distintas unidades han sido capacitados en materias de derechos humanos, desde que hace un a\u00f1o esta secci\u00f3n especial fue creada en la Regi\u00f3n de Los Lagos.<\/p>\n\n\n\n<p style=\"font-size:17px\">La Secci\u00f3n Regional de Derechos Humanos y Protecci\u00f3n de la Familia se implement\u00f3 en noviembre de 2020, en el marco del proceso de modernizaci\u00f3n y reforma que lleva adelante la instituci\u00f3n \u2013que ya registra un 31% de avance- y en el cumplimiento de compromisos internacionales del estado chileno.<\/p>\n\n\n\n<p style=\"font-size:17px\">\u201cEste es un ejemplo m\u00e1s de que Carabineros est\u00e1 constantemente revisando sus actuaciones y perfeccionando sus procedimientos. Somos una instituci\u00f3n que es fundamental para el pa\u00eds, que pone en el centro de su gesti\u00f3n a todas las personas, sin distinciones de ning\u00fan tipo, respetando su dignidad y derechos\u201d, recalca el general Carlos L\u00f3pez, jefe de la D\u00e9cima Zona de Carabineros.<\/p>\n\n\n\n<p style=\"font-size:17px\">En este a\u00f1o de funcionamiento la Secci\u00f3n ha capacitado a mil 600 funcionarios de la Regi\u00f3n en materias tales como apoyo a personas en situaci\u00f3n de calle, vulnerabilidad o discapacidad. Tambi\u00e9n, en procedimientos policiales, atenci\u00f3n especializada a v\u00edctimas de delitos y prevenci\u00f3n de la violencia contra la mujer.<\/p>\n\n\n\n<p style=\"font-size:17px\">La Secci\u00f3n est\u00e1 a cargo de la Teniente y abogada Karem Guajardo, quien explica que adem\u00e1s de las capacitaciones se han organizado coordinaciones con instituciones relacionadas con esta tem\u00e1tica, entre las cuales destaca el Instituto Nacional de Derechos Humanos, la Defensor\u00eda de la Ni\u00f1ez, el Servicio Nacional de la Mujer y la Unidad de Atenci\u00f3n a V\u00edctimas y Testigos.<\/p>\n\n\n\n<p style=\"font-size:17px\">\u201cSe realizan visitas y fiscalizaciones a las unidades de Carabineros en la Regi\u00f3n de Los Lagos, entre comisar\u00edas, tenencias y retenes, para verificar el cumplimiento de las normativas legales vigentes y los est\u00e1ndares internacionales establecidos para el resguardo de las personas privadas de libertad. Estos recorridos tambi\u00e9n tienen por objetivo verificar que nuestros funcionarios dispongan de toda la implementaci\u00f3n necesaria para su seguridad, a fin de que puedan ejercer su labor con los elementos que se requiere\u201d, recalca.<\/p>\n\n\n\n<p style=\"font-size:17px\">\u201cEn el contexto del proceso de modernizaci\u00f3n y reforma llevado adelante por nuestra instituci\u00f3n y, en coherencia tanto con el Plan Estrat\u00e9gico de Desarrollo Policial 2021-2028 \u2018Carabinero del Centenario\u2019 como tambi\u00e9n con las orientaciones de gesti\u00f3n impartidas por el Alto Mando, estamos comprometidos con el respeto m\u00e1s irrestricto a los derechos humanos de todas las personas\u201d, enfatiza el general L\u00f3pez.<\/p>\n\n\n\n<p style=\"font-size:17px\">Es as\u00ed como la Secci\u00f3n tiene la relevante misi\u00f3n de implementar los planes y programas que establecen las obligaciones del Estado en materia de derechos humanos en la funci\u00f3n policial, conforme se encuentran garantizadas en la Constituci\u00f3n, las leyes y los tratados internacionales.<\/p>\n","protected":false},"excerpt":{"rendered":"<p>El jefe de la X Zona, general Carlos L\u00f3pez, destaca que la polic\u00eda uniformada est\u00e1 en proceso de modernizaci\u00f3n y reforma, colocando en el centro de su gesti\u00f3n a las personas, sin distinciones de ning\u00fan tipo y respetando sus derechos humanos.<\/p>\n","protected":false},"author":1,"featured_media":3261,"comment_status":"closed","ping_status":"closed","sticky":false,"template":"","format":"standard","meta":{"footnotes":""},"categories":[3],"tags":[],"class_list":["post-3260","post","type-post","status-publish","format-standard","has-post-thumbnail","hentry","category-al-dia"],"_links":{"self":[{"href":"https:\/\/www.semanariolocal.cl\/index.php?rest_route=\/wp\/v2\/posts\/3260","targetHints":{"allow":["GET"]}}],"collection":[{"href":"https:\/\/www.semanariolocal.cl\/index.php?rest_route=\/wp\/v2\/posts"}],"about":[{"href":"https:\/\/www.semanariolocal.cl\/index.php?rest_route=\/wp\/v2\/types\/post"}],"author":[{"embeddable":true,"href":"https:\/\/www.semanariolocal.cl\/index.php?rest_route=\/wp\/v2\/users\/1"}],"replies":[{"embeddable":true,"href":"https:\/\/www.semanariolocal.cl\/index.php?rest_route=%2Fwp%2Fv2%2Fcomments&post=3260"}],"version-history":[{"count":1,"href":"https:\/\/www.semanariolocal.cl\/index.php?rest_route=\/wp\/v2\/posts\/3260\/revisions"}],"predecessor-version":[{"id":3262,"href":"https:\/\/www.semanariolocal.cl\/index.php?rest_route=\/wp\/v2\/posts\/3260\/revisions\/3262"}],"wp:featuredmedia":[{"embeddable":true,"href":"https:\/\/www.semanariolocal.cl\/index.php?rest_route=\/wp\/v2\/media\/3261"}],"wp:attachment":[{"href":"https:\/\/www.semanariolocal.cl\/index.php?rest_route=%2Fwp%2Fv2%2Fmedia&parent=3260"}],"wp:term":[{"taxonomy":"category","embeddable":true,"href":"https:\/\/www.semanariolocal.cl\/index.php?rest_route=%2Fwp%2Fv2%2Fcategories&post=3260"},{"taxonomy":"post_tag","embeddable":true,"href":"https:\/\/www.semanariolocal.cl\/index.php?rest_route=%2Fwp%2Fv2%2Ftags&post=3260"}],"curies":[{"name":"wp","href":"https:\/\/api.w.org\/{rel}","templated":true}]}}