{"id":3257,"date":"2021-11-26T13:00:06","date_gmt":"2021-11-26T16:00:06","guid":{"rendered":"https:\/\/www.semanariolocal.cl\/?p=3257"},"modified":"2021-11-26T13:00:06","modified_gmt":"2021-11-26T16:00:06","slug":"prochile-los-lagos-destaco-crecimiento-de-exportaciones-de-mejillones-durante-2021","status":"publish","type":"post","link":"https:\/\/www.semanariolocal.cl\/?p=3257","title":{"rendered":"ProChile Los Lagos destac\u00f3 crecimiento de exportaciones de mejillones durante 2021"},"content":{"rendered":"\n<p style=\"font-size:17px\">El director regional de ProChile en Los Lagos, Ricardo Arriagada, salud\u00f3 la celebraci\u00f3n del D\u00eda del Mejill\u00f3n Chileno que realizar\u00e1 la comunidad de la Isla Grande de Chilo\u00e9, durante la jornada de ma\u00f1ana s\u00e1bado 27 de noviembre, en una actividad en la Plaza de Armas de Castro.<\/p>\n\n\n\n<p style=\"font-size:17px\">\u201cLos mejillones son un motivo de orgullo para la comunidad de la Isla Grande de Chilo\u00e9 y para toda la regi\u00f3n de Los Lagos, porque se trata de un cultivo marino exitoso, que est\u00e1 llegando a consumidores de m\u00e1s de 30 pa\u00edses en el mundo, incluyendo Europa, Asia y Am\u00e9rica. Este a\u00f1o 2021 las exportaciones de cholgas, choros y choritos alcanzaron los 247 millones de d\u00f3lares en los primeros diez meses del a\u00f1o, lo que representa un crecimiento del 11 % en comparaci\u00f3n al mismo per\u00edodo de 2020\u201d, indic\u00f3 Arriagada.<\/p>\n\n\n\n<p style=\"font-size:17px\">El director regional de ProChile inform\u00f3 que los principales pa\u00edses de destino de los mejillones chilenos fueron Espa\u00f1a (19 % de participaci\u00f3n), Rusia (17 %), Estados Unidos (13 %), Francia (11 %) e Italia (9 %).<\/p>\n\n\n\n<p style=\"font-size:17px\">\u201cLos consumidores de todo el mundo han confiado en la calidad e inocuidad de los productos del mar chilenos, que se caracterizan por su excelente calidad y buen sabor. Con el crecimiento de los \u00faltimos a\u00f1os, el mejill\u00f3n es el tercer producto del mar que genera m\u00e1s retornos por exportaciones, solo superado por el salm\u00f3n y trucha y por el jurel\u201d, afirm\u00f3.<\/p>\n\n\n\n<p style=\"font-size:17px\">Arriagada explic\u00f3 que los nutricionistas \u201crecomiendan el consumo de choritos, por sus grandes propiedades alimenticias, ya que concentran muchos minerales, vitaminas, prote\u00ednas y grasas de buena calidad y adem\u00e1s, tiene bajas calor\u00edas.<\/p>\n\n\n\n<p style=\"font-size:17px\">El director regional de ProChile explic\u00f3 que la instituci\u00f3n, dependiente del Ministerio de Relaciones Exteriores, participa del Consejo Directivo y Comit\u00e9 Mercado del Programa Estrat\u00e9gico Regional Industria de la Mitilicultura, realizando adem\u00e1s numerosas acciones de promoci\u00f3n internacional en las que se han beneficiado empresas exportadoras del sector mitilicultor, como Enexpro Productos del Mar, ruedas de negocios, capacitaciones, agendas comerciales, asesor\u00edas en comercio electr\u00f3nico, entre otras.&nbsp;<\/p>\n\n\n\n<p style=\"font-size:17px\">\u00abLa coordinaci\u00f3n con AmiChile, Asociaci\u00f3n de Mitilicultores de Chile, ha sido relevante tambi\u00e9n para poder seguir apoyando al sector, cuya producci\u00f3n y exportaci\u00f3n se concentra mayoritariamente en la regi\u00f3n de Los Lagos\u00bb, concluy\u00f3.<\/p>\n","protected":false},"excerpt":{"rendered":"<p>En primeros diez meses de este a\u00f1o ventas de cholgas, choros y choritos alcanzaron los 247 millones de d\u00f3lares, con un crecimiento del 11% en comparaci\u00f3n a 2020.<\/p>\n","protected":false},"author":1,"featured_media":3258,"comment_status":"closed","ping_status":"closed","sticky":false,"template":"","format":"standard","meta":{"footnotes":""},"categories":[12],"tags":[],"class_list":["post-3257","post","type-post","status-publish","format-standard","has-post-thumbnail","hentry","category-economia"],"_links":{"self":[{"href":"https:\/\/www.semanariolocal.cl\/index.php?rest_route=\/wp\/v2\/posts\/3257","targetHints":{"allow":["GET"]}}],"collection":[{"href":"https:\/\/www.semanariolocal.cl\/index.php?rest_route=\/wp\/v2\/posts"}],"about":[{"href":"https:\/\/www.semanariolocal.cl\/index.php?rest_route=\/wp\/v2\/types\/post"}],"author":[{"embeddable":true,"href":"https:\/\/www.semanariolocal.cl\/index.php?rest_route=\/wp\/v2\/users\/1"}],"replies":[{"embeddable":true,"href":"https:\/\/www.semanariolocal.cl\/index.php?rest_route=%2Fwp%2Fv2%2Fcomments&post=3257"}],"version-history":[{"count":1,"href":"https:\/\/www.semanariolocal.cl\/index.php?rest_route=\/wp\/v2\/posts\/3257\/revisions"}],"predecessor-version":[{"id":3259,"href":"https:\/\/www.semanariolocal.cl\/index.php?rest_route=\/wp\/v2\/posts\/3257\/revisions\/3259"}],"wp:featuredmedia":[{"embeddable":true,"href":"https:\/\/www.semanariolocal.cl\/index.php?rest_route=\/wp\/v2\/media\/3258"}],"wp:attachment":[{"href":"https:\/\/www.semanariolocal.cl\/index.php?rest_route=%2Fwp%2Fv2%2Fmedia&parent=3257"}],"wp:term":[{"taxonomy":"category","embeddable":true,"href":"https:\/\/www.semanariolocal.cl\/index.php?rest_route=%2Fwp%2Fv2%2Fcategories&post=3257"},{"taxonomy":"post_tag","embeddable":true,"href":"https:\/\/www.semanariolocal.cl\/index.php?rest_route=%2Fwp%2Fv2%2Ftags&post=3257"}],"curies":[{"name":"wp","href":"https:\/\/api.w.org\/{rel}","templated":true}]}}