{"id":3254,"date":"2021-11-26T12:49:13","date_gmt":"2021-11-26T15:49:13","guid":{"rendered":"https:\/\/www.semanariolocal.cl\/?p=3254"},"modified":"2021-11-26T12:49:14","modified_gmt":"2021-11-26T15:49:14","slug":"obras-de-saesa-en-rahue-alto-beneficiara-a-mas-de-42-mil-clientes","status":"publish","type":"post","link":"https:\/\/www.semanariolocal.cl\/?p=3254","title":{"rendered":"Obras de Saesa en Rahue Alto beneficiar\u00e1 a m\u00e1s de 42 mil clientes"},"content":{"rendered":"\n<p style=\"font-size:17px\">Con la finalidad de mejorar la calidad y continuidad del suministro el\u00e9ctrico, Saesa realizar\u00e1 un corte programado este domingo 28 de noviembre en el sector de Rahue Alto. Estos trabajos beneficiar\u00e1n a m\u00e1s de 42 mil 800 familias de Rahue Alto, Bajo y la ruta que va camino a la costa.&nbsp;<\/p>\n\n\n\n<p style=\"font-size:17px\">Pablo Jaramillo, jefe del Servicio al Cliente de Saesa en Osorno, explic\u00f3 que \u201cestos trabajos en nuestras redes de distribuci\u00f3n buscan disminuir la tasa de interrupciones y reducir la prolongaci\u00f3n de eventuales cortes.&nbsp;Como compa\u00f1\u00eda tenemos&nbsp;el compromiso de mejorar los indicadores de calidad de servicio; realizando todas las mejoras necesarias para evitar la ocurrencia de cortes imprevistos y la duraci\u00f3n de estos y, para ello, estamos trabajando fuertemente en dar cumplimiento a nuestro plan anual de inversiones\u201d.<\/p>\n\n\n\n<p style=\"font-size:17px\">Estos trabajos se llevar\u00e1n a cabo entre las 9:00 a 15:00 horas en el cuadrante que comprende la poblaci\u00f3n Pampa Schilling por calle La Misi\u00f3n en el lado oriente; desde 1 de mayo hasta Los Eucaliptus. Se incluyen los pasajes Los Copihues, Santa Rosa, Rene Schneider, San Antonio, Buena Vista, Gabriela Mistral y El Mirador.<\/p>\n\n\n\n<p style=\"font-size:17px\">Adem\u00e1s, en la Poblaci\u00f3n V Centenario el corte comprender\u00e1 desde calle La Misi\u00f3n por el lado Poniente entre 12 de octubre y Los Eucaliptus, incluyendo el pasaje Vizcaya.<\/p>\n\n\n\n<p style=\"font-size:17px\">\u201cEntendemos los inconvenientes que esta desconexi\u00f3n pudiera ocasionar en los vecinos y agradecemos su comprensi\u00f3n\u00bb, indic\u00f3 el ejecutivo.<\/p>\n\n\n\n<p style=\"font-size:17px\">Jaramillo, indic\u00f3 que Saesa mantiene activos sus canales de contacto para resolver las consultas y requerimientos de la comunidad, a trav\u00e9s de su l\u00ednea gratuita 800 600 801, Twitter @Saesa, fan page de Facebook Saesa, sitio web:&nbsp;<a href=\"https:\/\/nam10.safelinks.protection.outlook.com\/?url=http%3A%2F%2Fwww.saesa.cl%2F&amp;data=04%7C01%7Calexis.delgado%40saesa.cl%7C9d49844be50e46f9e14808d9b0df7565%7C136d6ab55b55496f97cb2424247715ed%7C0%7C0%7C637735296062917925%7CUnknown%7CTWFpbGZsb3d8eyJWIjoiMC4wLjAwMDAiLCJQIjoiV2luMzIiLCJBTiI6Ik1haWwiLCJXVCI6Mn0%3D%7C3000&amp;sdata=PBM54%2BTZk5t5CHrziEp5eI37sPm6vjBPipIhCrfaRME%3D&amp;reserved=0\" target=\"_blank\" rel=\"noreferrer noopener\">www.saesa.cl<\/a>&nbsp;y aplicaci\u00f3n m\u00f3vil.<\/p>\n","protected":false},"excerpt":{"rendered":"<p> En el marco del plan de fortalecimiento del servicio en la comuna, este domingo 28 de noviembre se realizar\u00e1 un corte programado en Calle La Misi\u00f3n y sus alrededores.<\/p>\n","protected":false},"author":1,"featured_media":3255,"comment_status":"closed","ping_status":"closed","sticky":false,"template":"","format":"standard","meta":{"footnotes":""},"categories":[3],"tags":[],"class_list":["post-3254","post","type-post","status-publish","format-standard","has-post-thumbnail","hentry","category-al-dia"],"_links":{"self":[{"href":"https:\/\/www.semanariolocal.cl\/index.php?rest_route=\/wp\/v2\/posts\/3254","targetHints":{"allow":["GET"]}}],"collection":[{"href":"https:\/\/www.semanariolocal.cl\/index.php?rest_route=\/wp\/v2\/posts"}],"about":[{"href":"https:\/\/www.semanariolocal.cl\/index.php?rest_route=\/wp\/v2\/types\/post"}],"author":[{"embeddable":true,"href":"https:\/\/www.semanariolocal.cl\/index.php?rest_route=\/wp\/v2\/users\/1"}],"replies":[{"embeddable":true,"href":"https:\/\/www.semanariolocal.cl\/index.php?rest_route=%2Fwp%2Fv2%2Fcomments&post=3254"}],"version-history":[{"count":1,"href":"https:\/\/www.semanariolocal.cl\/index.php?rest_route=\/wp\/v2\/posts\/3254\/revisions"}],"predecessor-version":[{"id":3256,"href":"https:\/\/www.semanariolocal.cl\/index.php?rest_route=\/wp\/v2\/posts\/3254\/revisions\/3256"}],"wp:featuredmedia":[{"embeddable":true,"href":"https:\/\/www.semanariolocal.cl\/index.php?rest_route=\/wp\/v2\/media\/3255"}],"wp:attachment":[{"href":"https:\/\/www.semanariolocal.cl\/index.php?rest_route=%2Fwp%2Fv2%2Fmedia&parent=3254"}],"wp:term":[{"taxonomy":"category","embeddable":true,"href":"https:\/\/www.semanariolocal.cl\/index.php?rest_route=%2Fwp%2Fv2%2Fcategories&post=3254"},{"taxonomy":"post_tag","embeddable":true,"href":"https:\/\/www.semanariolocal.cl\/index.php?rest_route=%2Fwp%2Fv2%2Ftags&post=3254"}],"curies":[{"name":"wp","href":"https:\/\/api.w.org\/{rel}","templated":true}]}}