{"id":3247,"date":"2021-11-26T08:10:00","date_gmt":"2021-11-26T11:10:00","guid":{"rendered":"https:\/\/www.semanariolocal.cl\/?p=3247"},"modified":"2021-11-26T12:28:53","modified_gmt":"2021-11-26T15:28:53","slug":"77-alumnos-se-transforman-en-mediadores-escolares-en-el-liceo-osornino","status":"publish","type":"post","link":"https:\/\/www.semanariolocal.cl\/?p=3247","title":{"rendered":"77 alumnos se transforman en Mediadores Escolares en el Liceo Osornino"},"content":{"rendered":"\n<p style=\"font-size:17px\">Tras un mes y medio de activa participaci\u00f3n de un grupo de alumnos de 35 cursos del establecimiento, finaliz\u00f3 con \u00e9xito, el Seminario Taller de Formaci\u00f3n de Liderazgo para hombres y mujeres, organizado por la Unidad de Convivencia Escolar que lideran los profesionales, Eliana Theil, Juan Carlos Cayun, &nbsp;julia Sol\u00eds y Antonio Aravena. Estas instancias les permitir\u00e1n a los educandos desarrollar habilidades que sin duda permitir\u00e1n mejores aprendizajes significativos y de calidad.<\/p>\n\n\n\n<p style=\"font-size:17px\">El solemne acto de certificaci\u00f3n, se desarroll\u00f3 con una masiva participaci\u00f3n en el Teatro Municipal de Osorno oportunidad en la que estuvieron presentes los 77 alumnos l\u00edderes,&nbsp; padres y apoderados&nbsp; y autoridades encabezadas por el alcalde Emeterio Carrillo Torres.<\/p>\n\n\n\n<p style=\"font-size:17px\">Como una forma de reconocerlos por su inter\u00e9s en ser parte de la iniciativa que busca convertirlos en verdaderos mediadores en los conflictos que se producen de forma natural entre los estudiantes, los alumnos recibieron un diploma de aprobaci\u00f3n.<\/p>\n\n\n\n<p style=\"font-size:17px\">Seg\u00fan explic\u00f3 la docente, Eliana Theil,&nbsp;<em>\u201cahora los l\u00edderes estudiantiles deber\u00e1n poner en pr\u00e1ctica sus fortalezas en ser mediadores para resolver casos internos en las salas y\/ o recreos, antes que el conflicto pase a los protocolos o instancias formales del establecimiento\u201d.<\/em><\/p>\n\n\n\n<p style=\"font-size:17px\">En tanto, el profesor, Juan Carlos Cayun, valor\u00f3 la iniciativa, se\u00f1alando que&nbsp;<em>\u201cson los alumnos quienes mejor pueden entender sus fortalezas y debilidades, y el objetivo es que sean ellos capaces de resolver sus propios problemas, buscando la forma de vivir en sana convivencia, con respeto, y en armon\u00eda mientras est\u00e9n en el liceo y donde tienen que aprender a compartir como una familia\u201d. &nbsp;&nbsp;<\/em><\/p>\n","protected":false},"excerpt":{"rendered":"<p>\u201cAhora los l\u00edderes estudiantiles deber\u00e1n poner en pr\u00e1ctica sus fortalezas en ser mediadores para resolver conflictos internos en las salas de clases o recreos\u201d<\/p>\n","protected":false},"author":1,"featured_media":3248,"comment_status":"closed","ping_status":"closed","sticky":false,"template":"","format":"standard","meta":{"footnotes":""},"categories":[3,11],"tags":[],"class_list":["post-3247","post","type-post","status-publish","format-standard","has-post-thumbnail","hentry","category-al-dia","category-educacion"],"_links":{"self":[{"href":"https:\/\/www.semanariolocal.cl\/index.php?rest_route=\/wp\/v2\/posts\/3247","targetHints":{"allow":["GET"]}}],"collection":[{"href":"https:\/\/www.semanariolocal.cl\/index.php?rest_route=\/wp\/v2\/posts"}],"about":[{"href":"https:\/\/www.semanariolocal.cl\/index.php?rest_route=\/wp\/v2\/types\/post"}],"author":[{"embeddable":true,"href":"https:\/\/www.semanariolocal.cl\/index.php?rest_route=\/wp\/v2\/users\/1"}],"replies":[{"embeddable":true,"href":"https:\/\/www.semanariolocal.cl\/index.php?rest_route=%2Fwp%2Fv2%2Fcomments&post=3247"}],"version-history":[{"count":1,"href":"https:\/\/www.semanariolocal.cl\/index.php?rest_route=\/wp\/v2\/posts\/3247\/revisions"}],"predecessor-version":[{"id":3249,"href":"https:\/\/www.semanariolocal.cl\/index.php?rest_route=\/wp\/v2\/posts\/3247\/revisions\/3249"}],"wp:featuredmedia":[{"embeddable":true,"href":"https:\/\/www.semanariolocal.cl\/index.php?rest_route=\/wp\/v2\/media\/3248"}],"wp:attachment":[{"href":"https:\/\/www.semanariolocal.cl\/index.php?rest_route=%2Fwp%2Fv2%2Fmedia&parent=3247"}],"wp:term":[{"taxonomy":"category","embeddable":true,"href":"https:\/\/www.semanariolocal.cl\/index.php?rest_route=%2Fwp%2Fv2%2Fcategories&post=3247"},{"taxonomy":"post_tag","embeddable":true,"href":"https:\/\/www.semanariolocal.cl\/index.php?rest_route=%2Fwp%2Fv2%2Ftags&post=3247"}],"curies":[{"name":"wp","href":"https:\/\/api.w.org\/{rel}","templated":true}]}}