{"id":3244,"date":"2021-11-26T08:05:00","date_gmt":"2021-11-26T11:05:00","guid":{"rendered":"https:\/\/www.semanariolocal.cl\/?p=3244"},"modified":"2021-11-26T12:25:49","modified_gmt":"2021-11-26T15:25:49","slug":"ordenan-a-superintendencia-de-salud-entregar-datos-de-fiscalizaciones-a-isapres","status":"publish","type":"post","link":"https:\/\/www.semanariolocal.cl\/?p=3244","title":{"rendered":"Ordenan a Superintendencia de Salud entregar datos de fiscalizaciones a Isapres"},"content":{"rendered":"\n<p style=\"font-size:17px\">Tras decisi\u00f3n un\u00e1nime del Consejo para la Transparencia (CPLT), que acogi\u00f3 el amparo presentado en contra de la Superintendencia de Salud, el organismo orden\u00f3 la entrega a la persona que lo solicit\u00f3 de fiscalizaciones y auditor\u00edas realizadas por las Isapres y otras entidades bajo supervisi\u00f3n de esta entidad p\u00fablica.<\/p>\n\n\n\n<p style=\"font-size:17px\">Acorde a la solicitud realizada a la Superintendencia de Salud, el per\u00edodo al que corresponden los antecedentes requeridos va desde enero de 2018 a mayo de 2021, y contemplan el detalle de los distintos tipos de procesos de fiscalizaci\u00f3n o auditor\u00edas iniciadas por el organismo, instrumentos relevantes para ejercer el control y tareas de supervisi\u00f3n en el sector.<\/p>\n\n\n\n<p style=\"font-size:17px\">La instituci\u00f3n p\u00fablica respondi\u00f3 a este requerimiento de informaci\u00f3n entregando cifras totales de fiscalizaciones en el per\u00edodo consultado -3.215 aproximadamente, acorde a la decisi\u00f3n del caso del CPLT (amparo rol C4684-21), estimando que el an\u00e1lisis, identificaci\u00f3n y procesamiento de los datos solicitados \u2013incluyendo el tachado de informaci\u00f3n personal y sensible- implicaba un trabajo de dedicaci\u00f3n exclusiva de un funcionario por un plazo cercano a los 370 d\u00edas.<\/p>\n\n\n\n<p style=\"font-size:17px\">Lo anterior, recoge el texto de la decisi\u00f3n del caso: \u201cdistray\u00e9ndolo indebidamente de sus funciones, postergando prioridades nacionales e institucionales y permitir\u00eda conocer las estrategias y lineamientos de fiscalizaci\u00f3n que esa Superintendencia ejecuta\u201d.<\/p>\n\n\n\n<p style=\"font-size:17px\">El Consejo Directivo del CPLT, entidad que vela por garantizar el derecho de cualquier persona a acceder a antecedentes de entidades p\u00fablicas, estableci\u00f3 que se debe entregar la informaci\u00f3n requerida al desestimar la causal de \u201cdistracci\u00f3n indebida\u201d de sus funcionarios, la que no fue fehacientemente acreditada. Y subray\u00f3 \u201cque una deficiente gesti\u00f3n documental, en ning\u00fan caso, puede justificar la denegaci\u00f3n de lo solicitado, ni obstaculizar el ejercicio del derecho de acceso a informaci\u00f3n que obra en poder de los \u00f3rganos de la Administraci\u00f3n del Estado\u201d.<\/p>\n","protected":false},"excerpt":{"rendered":"<p>El organismo intervino tras negativa de la Superintendencia de Salud a la publicidad de antecedentes asociados a procesos de fiscalizaci\u00f3n o auditor\u00edas por empresa fundamentales para su supervisi\u00f3n.<\/p>\n","protected":false},"author":1,"featured_media":3245,"comment_status":"closed","ping_status":"closed","sticky":false,"template":"","format":"standard","meta":{"footnotes":""},"categories":[3,12,6],"tags":[],"class_list":["post-3244","post","type-post","status-publish","format-standard","has-post-thumbnail","hentry","category-al-dia","category-economia","category-politica"],"_links":{"self":[{"href":"https:\/\/www.semanariolocal.cl\/index.php?rest_route=\/wp\/v2\/posts\/3244","targetHints":{"allow":["GET"]}}],"collection":[{"href":"https:\/\/www.semanariolocal.cl\/index.php?rest_route=\/wp\/v2\/posts"}],"about":[{"href":"https:\/\/www.semanariolocal.cl\/index.php?rest_route=\/wp\/v2\/types\/post"}],"author":[{"embeddable":true,"href":"https:\/\/www.semanariolocal.cl\/index.php?rest_route=\/wp\/v2\/users\/1"}],"replies":[{"embeddable":true,"href":"https:\/\/www.semanariolocal.cl\/index.php?rest_route=%2Fwp%2Fv2%2Fcomments&post=3244"}],"version-history":[{"count":1,"href":"https:\/\/www.semanariolocal.cl\/index.php?rest_route=\/wp\/v2\/posts\/3244\/revisions"}],"predecessor-version":[{"id":3246,"href":"https:\/\/www.semanariolocal.cl\/index.php?rest_route=\/wp\/v2\/posts\/3244\/revisions\/3246"}],"wp:featuredmedia":[{"embeddable":true,"href":"https:\/\/www.semanariolocal.cl\/index.php?rest_route=\/wp\/v2\/media\/3245"}],"wp:attachment":[{"href":"https:\/\/www.semanariolocal.cl\/index.php?rest_route=%2Fwp%2Fv2%2Fmedia&parent=3244"}],"wp:term":[{"taxonomy":"category","embeddable":true,"href":"https:\/\/www.semanariolocal.cl\/index.php?rest_route=%2Fwp%2Fv2%2Fcategories&post=3244"},{"taxonomy":"post_tag","embeddable":true,"href":"https:\/\/www.semanariolocal.cl\/index.php?rest_route=%2Fwp%2Fv2%2Ftags&post=3244"}],"curies":[{"name":"wp","href":"https:\/\/api.w.org\/{rel}","templated":true}]}}