{"id":32418,"date":"2025-12-05T08:00:00","date_gmt":"2025-12-05T11:00:00","guid":{"rendered":"https:\/\/www.semanariolocal.cl\/?p=32418"},"modified":"2025-12-05T17:03:36","modified_gmt":"2025-12-05T20:03:36","slug":"celebran-5to-txrafkintu-pu-tain-pichikeche-en-osorno","status":"publish","type":"post","link":"https:\/\/www.semanariolocal.cl\/?p=32418","title":{"rendered":"Celebran 5to Txrafkintu Pu Tain Pichikeche en Osorno"},"content":{"rendered":"\n<p><strong><mark style=\"background-color:#abb8c3\" class=\"has-inline-color has-white-color\">05 de diciembre del 2025.-<\/mark><\/strong> La jornada congreg\u00f3 a m\u00e1s de 100 personas, junto con la participaci\u00f3n de representantes de seis jardines infantiles -Peque\u00f1os Pasos, Blanca Nieves, Relmu Fentren, Papelucho, Pisatraiguen y Lluvia de Estrellas- y el colegio San Francisco de As\u00eds.<\/p>\n\n\n\n<p>En tanto, las educadoras interculturales Elcis, Catalina Panguinamun (Peque\u00f1os pasos), Soledad Coliao (Blanca Nieves), Gloria Alvarado (Relmu fentren) y Miriam Vives (Papelucho) fueron las encargadas de liderar la ceremonia Efkutun, dirigida por la \u00f1a\u00f1a Catalina Panguinamun.<\/p>\n\n\n\n<p>Asimismo, se presentaron n\u00fameros art\u00edsticos organizados por las \u00f1a\u00f1as y los ni\u00f1os y las ni\u00f1as, incluyendo el \u00abTxe muley anumka\u00bb y la \u00abDanza de los diferentes elementos de la \u00f1uke mapu\u00bb. Y en el Txrafkintu se realiz\u00f3 un intercambio de semillas, plantas y alm\u00e1cigos.<\/p>\n\n\n\n<p>En la jornada, adem\u00e1s, estuvieron presentes autoridades regionales de JUNJI, Seremi de Medio Ambiente y de la Municipalidad de Osorno. Tambi\u00e9n, participaron artesanos mapuches como Eliana Catrilef, Yaritza \u00c1lvarez y Rosa Epuyao.<\/p>\n","protected":false},"excerpt":{"rendered":"<p>El Jard\u00edn Infantil y Sala Cuna \u201cSemillas de Amor\u201d organiz\u00f3 la masiva actividad intercultural y medioambiental que resalta la cultura y el arte mapuche-williche presente en el territorio de Osorno.<\/p>\n","protected":false},"author":1,"featured_media":32419,"comment_status":"closed","ping_status":"closed","sticky":false,"template":"","format":"standard","meta":{"footnotes":""},"categories":[3,11,4353,4401,4400,3528],"tags":[2118,337,348,273,247,133],"class_list":["post-32418","post","type-post","status-publish","format-standard","has-post-thumbnail","hentry","category-al-dia","category-educacion","category-osorno","category-primera-infancia","category-pueblos-originarios","category-servicios-publicos","tag-semanariolocal","tag-informacion","tag-junji-los-lagos","tag-noticias","tag-region-de-los-lagos","tag-semanario-local"],"_links":{"self":[{"href":"https:\/\/www.semanariolocal.cl\/index.php?rest_route=\/wp\/v2\/posts\/32418","targetHints":{"allow":["GET"]}}],"collection":[{"href":"https:\/\/www.semanariolocal.cl\/index.php?rest_route=\/wp\/v2\/posts"}],"about":[{"href":"https:\/\/www.semanariolocal.cl\/index.php?rest_route=\/wp\/v2\/types\/post"}],"author":[{"embeddable":true,"href":"https:\/\/www.semanariolocal.cl\/index.php?rest_route=\/wp\/v2\/users\/1"}],"replies":[{"embeddable":true,"href":"https:\/\/www.semanariolocal.cl\/index.php?rest_route=%2Fwp%2Fv2%2Fcomments&post=32418"}],"version-history":[{"count":1,"href":"https:\/\/www.semanariolocal.cl\/index.php?rest_route=\/wp\/v2\/posts\/32418\/revisions"}],"predecessor-version":[{"id":32420,"href":"https:\/\/www.semanariolocal.cl\/index.php?rest_route=\/wp\/v2\/posts\/32418\/revisions\/32420"}],"wp:featuredmedia":[{"embeddable":true,"href":"https:\/\/www.semanariolocal.cl\/index.php?rest_route=\/wp\/v2\/media\/32419"}],"wp:attachment":[{"href":"https:\/\/www.semanariolocal.cl\/index.php?rest_route=%2Fwp%2Fv2%2Fmedia&parent=32418"}],"wp:term":[{"taxonomy":"category","embeddable":true,"href":"https:\/\/www.semanariolocal.cl\/index.php?rest_route=%2Fwp%2Fv2%2Fcategories&post=32418"},{"taxonomy":"post_tag","embeddable":true,"href":"https:\/\/www.semanariolocal.cl\/index.php?rest_route=%2Fwp%2Fv2%2Ftags&post=32418"}],"curies":[{"name":"wp","href":"https:\/\/api.w.org\/{rel}","templated":true}]}}