{"id":3238,"date":"2021-11-25T06:30:00","date_gmt":"2021-11-25T09:30:00","guid":{"rendered":"https:\/\/www.semanariolocal.cl\/?p=3238"},"modified":"2021-11-25T12:12:10","modified_gmt":"2021-11-25T15:12:10","slug":"invitan-a-participar-del-v-congreso-cooperativo-del-sur","status":"publish","type":"post","link":"https:\/\/www.semanariolocal.cl\/?p=3238","title":{"rendered":"Invitan a participar del V Congreso Cooperativo del Sur"},"content":{"rendered":"\n<p style=\"font-size:17px\">Este pr\u00f3ximo 1 de diciembre, la Universidad de Los Lagos junto a la Asociaci\u00f3n Gremial de Cooperativas del Sur, entidad conformada por Cooprel, Colun, Torrencial Lechero, CREO, Cooprinsem, Bansur, Copelec, Car \u00d1uble, Crell y Libercoop; realizar\u00e1n el \u201cV Congreso Cooperativo del Sur: Cooperativismo en la Nueva Constituci\u00f3n\u201d, evento que no se llevaba a cabo desde el 2019.<\/p>\n\n\n\n<p style=\"font-size:17px\">La jornada comenzar\u00e1 a las 10:00 Hrs. Y tendr\u00e1 un formato h\u00edbrido, con la presencia de p\u00fablico y transmisi\u00f3n online desde la Universidad de Los Lagos, v\u00eda YouTube. La actividad contar\u00e1 con expositores nacionales e internacionales, entre ellos el argentino Dante Cracogna, doctor en Derecho, asesor internacional y experto en cooperativas, tambi\u00e9n estar\u00e1 la directora ejecutiva de la Asociaci\u00f3n Nacional de Cooperativas de Chile, Jimena Mu\u00f1oz y el jefe de la Divisi\u00f3n de Asociatividad y Cooperativas del Ministerio de Econom\u00eda, Jos\u00e9 Manuel Henr\u00edquez.<\/p>\n\n\n\n<p style=\"font-size:17px\">De igual manera, en la instancia, cuatro constituyentes entregar\u00e1n su visi\u00f3n en torno a las cooperativas y su presencia en la futura Constituci\u00f3n de Chile.<\/p>\n\n\n\n<p style=\"font-size:17px\">El Presidente de Cooperativas del Sur, Fernando Becker, sostuvo que como Asociaci\u00f3n Gremial tienen como objetivo fortalecer la causa cooperativa y desean plantear a los constituyentes, que la asociatividad es importante para el desarrollo del pa\u00eds y realiz\u00f3 un llamado a la comunidad a ser parte de este importante evento.<\/p>\n\n\n\n<p style=\"font-size:17px\">\u00abDebido al momento en el que est\u00e1 atravesando el pa\u00eds, este Congreso cobra una mayor relevancia y la estructura cooperativa permite reunir personas en un ambiente de profesionalismo, \u00e9tica, moral y entrega hacia lo que hemos venido realizando durante todo este tiempo; adem\u00e1s tambi\u00e9n permite reunir recursos financieros para levantar las regiones y el pa\u00eds. Por eso, necesitamos voluntades para lograr este objetivo, permitiendo brindar trabajos, generando riquezas y exportarlas, con el fin de traer divisas que aporten al progreso de esta naci\u00f3n\u201d, coment\u00f3 Becker.<\/p>\n\n\n\n<p style=\"font-size:17px\">Finalmente la Directora de Investigaci\u00f3n de la Universidad de Los Lagos, Sandra R\u00edos, coment\u00f3 que esta iniciativa pretende generar una reflexi\u00f3n profunda y sentida, respecto a la importancia de fomentar el modelo cooperativo dentro de la estructura empresarial de Chile. \u00abEsto principalmente porque creemos que el modo de funcionar y de pensar cooperativo en un mundo globalizado y competitivo, es una herramienta que no s\u00f3lo genera beneficios a las organizaciones empresariales, sino que tambi\u00e9n a los territorios y sus habitantes. Es por eso que estamos muy contentos de poder fomentar y apoyar desde ULagos este Congreso, porque sin duda contribuir\u00e1 al debate nacional, con respecto a la elaboraci\u00f3n de la nueva Constituci\u00f3n y la consideraci\u00f3n de los principios cooperativos en esta Carta Magna\u201d.<\/p>\n\n\n\n<p style=\"font-size:17px\"><strong>El Congreso Cooperativo del Sur, que se transmitir\u00e1 desde la Universidad de Los Lagos, podr\u00e1 ser visto de manera online en el siguiente link:&nbsp;<\/strong><a href=\"https:\/\/www.youtube.com\/channel\/UCPAGronAZV-hotgcHmJNXkA\" target=\"_blank\" rel=\"noreferrer noopener\">https:\/\/www.youtube.com\/channel\/UCPAGronAZV-hotgcHmJNXkA<\/a><\/p>\n","protected":false},"excerpt":{"rendered":"<p>Este pr\u00f3ximo 1 de diciembre, la Universidad de Los Lagos junto a la Asociaci\u00f3n Gremial de Cooperativas del Sur, entidad conformada por Cooprel, Colun, Torrencial Lechero, CREO, Cooprinsem, Bansur, Copelec, Car \u00d1uble, Crell y Libercoop; realizar\u00e1n el \u201cV Congreso Cooperativo del Sur: Cooperativismo en la Nueva Constituci\u00f3n\u201d, evento que no se llevaba a cabo desde&#8230;<a class=\"btnReadMore\" href=\"https:\/\/www.semanariolocal.cl\/?p=3238\"> Leer M\u00e1s<\/a><\/p>\n","protected":false},"author":1,"featured_media":3239,"comment_status":"closed","ping_status":"closed","sticky":false,"template":"","format":"standard","meta":{"footnotes":""},"categories":[12],"tags":[],"class_list":["post-3238","post","type-post","status-publish","format-standard","has-post-thumbnail","hentry","category-economia"],"_links":{"self":[{"href":"https:\/\/www.semanariolocal.cl\/index.php?rest_route=\/wp\/v2\/posts\/3238","targetHints":{"allow":["GET"]}}],"collection":[{"href":"https:\/\/www.semanariolocal.cl\/index.php?rest_route=\/wp\/v2\/posts"}],"about":[{"href":"https:\/\/www.semanariolocal.cl\/index.php?rest_route=\/wp\/v2\/types\/post"}],"author":[{"embeddable":true,"href":"https:\/\/www.semanariolocal.cl\/index.php?rest_route=\/wp\/v2\/users\/1"}],"replies":[{"embeddable":true,"href":"https:\/\/www.semanariolocal.cl\/index.php?rest_route=%2Fwp%2Fv2%2Fcomments&post=3238"}],"version-history":[{"count":1,"href":"https:\/\/www.semanariolocal.cl\/index.php?rest_route=\/wp\/v2\/posts\/3238\/revisions"}],"predecessor-version":[{"id":3240,"href":"https:\/\/www.semanariolocal.cl\/index.php?rest_route=\/wp\/v2\/posts\/3238\/revisions\/3240"}],"wp:featuredmedia":[{"embeddable":true,"href":"https:\/\/www.semanariolocal.cl\/index.php?rest_route=\/wp\/v2\/media\/3239"}],"wp:attachment":[{"href":"https:\/\/www.semanariolocal.cl\/index.php?rest_route=%2Fwp%2Fv2%2Fmedia&parent=3238"}],"wp:term":[{"taxonomy":"category","embeddable":true,"href":"https:\/\/www.semanariolocal.cl\/index.php?rest_route=%2Fwp%2Fv2%2Fcategories&post=3238"},{"taxonomy":"post_tag","embeddable":true,"href":"https:\/\/www.semanariolocal.cl\/index.php?rest_route=%2Fwp%2Fv2%2Ftags&post=3238"}],"curies":[{"name":"wp","href":"https:\/\/api.w.org\/{rel}","templated":true}]}}