{"id":3235,"date":"2021-11-25T06:30:00","date_gmt":"2021-11-25T09:30:00","guid":{"rendered":"https:\/\/www.semanariolocal.cl\/?p=3235"},"modified":"2021-11-25T12:07:23","modified_gmt":"2021-11-25T15:07:23","slug":"cooperativas-electricas-logran-importantes-lugares-en-ranking-nacional-de-calidad-del-servicio-electrico","status":"publish","type":"post","link":"https:\/\/www.semanariolocal.cl\/?p=3235","title":{"rendered":"Cooperativas El\u00e9ctricas logran importantes lugares en Ranking Nacional de Calidad del Servicio El\u00e9ctrico"},"content":{"rendered":"\n<p style=\"font-size:17px\">Como ha sido la tendencia durante los \u00faltimos 10 a\u00f1os, cinco de las siete Cooperativas El\u00e9ctricas que integran la Federaci\u00f3n Nacional de Cooperativas El\u00e9ctricas Ltda., FENACOPEL, lograron posicionarse dentro de los primeros 11 lugares del Ranking Nacional de Calidad del Servicio El\u00e9ctrico 2021, el cual es elaborado anualmente por la Superintendencia de Electricidad y Combustibles (SEC) y que busca ordenar a las empresas distribuidoras de electricidad de acuerdo a la calidad del servicio entregado, considerando para ello los reclamos directos de los clientes presentados a la SEC, encuestas a usuarios e \u00edndice de continuidad del suministro.<\/p>\n\n\n\n<p style=\"font-size:17px\">En el presente ranking se incluyeron 25 empresas distribuidoras a nivel nacional, destacando en la 2\u00b0 posici\u00f3n la Cooperativa de Abastecimiento de Energ\u00eda El\u00e9ctrica Curic\u00f3 Ltda. (CEC) y en la 3\u00b0 posici\u00f3n la Cooperativa El\u00e9ctrica Los \u00c1ngeles Ltda. (COOPELAN). Adicionalmente, la Cooperativa Rural El\u00e9ctrica R\u00edo Bueno Ltda. (COOPREL) ocup\u00f3 la 7\u00b0 posici\u00f3n, la Cooperativa de Consumo de Energ\u00eda El\u00e9ctrica Chill\u00e1n Ltda. (COPELEC) ocup\u00f3 la 9\u00b0 posici\u00f3n, la Sociedad Cooperativa de Consumo de Energ\u00eda El\u00e9ctrica Charr\u00faa Ltda. (COELCHA) ocup\u00f3 la 11\u00b0 posici\u00f3n, la Cooperativa El\u00e9ctrica Paillaco Ltda. (SOCOEPA) ocup\u00f3 la 13\u00b0 posici\u00f3n y la&nbsp;Cooperativa Regional El\u00e9ctrica Llanquihue Ltda. (CRELL) ocup\u00f3 la 16\u00b0 posici\u00f3n.<\/p>\n\n\n\n<p style=\"font-size:17px\">El Gerente de FENACOPEL, Patricio Molina, se\u00f1al\u00f3 que \u201cel encontrarnos nuevamente en los primeros lugares en el Ranking de Calidad de Servicio demuestra una vez m\u00e1s el real compromiso de todas nuestras Cooperativas en entregar un servicio de calidad a nuestros usuarios, m\u00e1s aun considerando las restricciones y complejidades que debimos enfrentar en el peak de la Emergencia Sanitaria y a la ubicaci\u00f3n de nuestros usuarios que mayormente se encuentran en sectores rurales y extremos del pa\u00eds. Todo lo anterior ha sido posible gracias al esfuerzo de nuestros trabajadores y producto de las inversiones y gastos que hemos realizado de manera continua a lo largo de estos a\u00f1os\u201d.<\/p>\n","protected":false},"excerpt":{"rendered":"<p>Como ha sido la tendencia durante los \u00faltimos 10 a\u00f1os, cinco de las siete Cooperativas El\u00e9ctricas que integran la Federaci\u00f3n Nacional de Cooperativas El\u00e9ctricas Ltda., FENACOPEL, lograron posicionarse dentro de los primeros 11 lugares del Ranking Nacional de Calidad del Servicio El\u00e9ctrico 2021, el cual es elaborado anualmente por la Superintendencia de Electricidad y Combustibles&#8230;<a class=\"btnReadMore\" href=\"https:\/\/www.semanariolocal.cl\/?p=3235\"> Leer M\u00e1s<\/a><\/p>\n","protected":false},"author":1,"featured_media":3236,"comment_status":"closed","ping_status":"closed","sticky":false,"template":"","format":"standard","meta":{"footnotes":""},"categories":[3,12],"tags":[],"class_list":["post-3235","post","type-post","status-publish","format-standard","has-post-thumbnail","hentry","category-al-dia","category-economia"],"_links":{"self":[{"href":"https:\/\/www.semanariolocal.cl\/index.php?rest_route=\/wp\/v2\/posts\/3235","targetHints":{"allow":["GET"]}}],"collection":[{"href":"https:\/\/www.semanariolocal.cl\/index.php?rest_route=\/wp\/v2\/posts"}],"about":[{"href":"https:\/\/www.semanariolocal.cl\/index.php?rest_route=\/wp\/v2\/types\/post"}],"author":[{"embeddable":true,"href":"https:\/\/www.semanariolocal.cl\/index.php?rest_route=\/wp\/v2\/users\/1"}],"replies":[{"embeddable":true,"href":"https:\/\/www.semanariolocal.cl\/index.php?rest_route=%2Fwp%2Fv2%2Fcomments&post=3235"}],"version-history":[{"count":1,"href":"https:\/\/www.semanariolocal.cl\/index.php?rest_route=\/wp\/v2\/posts\/3235\/revisions"}],"predecessor-version":[{"id":3237,"href":"https:\/\/www.semanariolocal.cl\/index.php?rest_route=\/wp\/v2\/posts\/3235\/revisions\/3237"}],"wp:featuredmedia":[{"embeddable":true,"href":"https:\/\/www.semanariolocal.cl\/index.php?rest_route=\/wp\/v2\/media\/3236"}],"wp:attachment":[{"href":"https:\/\/www.semanariolocal.cl\/index.php?rest_route=%2Fwp%2Fv2%2Fmedia&parent=3235"}],"wp:term":[{"taxonomy":"category","embeddable":true,"href":"https:\/\/www.semanariolocal.cl\/index.php?rest_route=%2Fwp%2Fv2%2Fcategories&post=3235"},{"taxonomy":"post_tag","embeddable":true,"href":"https:\/\/www.semanariolocal.cl\/index.php?rest_route=%2Fwp%2Fv2%2Ftags&post=3235"}],"curies":[{"name":"wp","href":"https:\/\/api.w.org\/{rel}","templated":true}]}}