{"id":32323,"date":"2025-11-30T08:30:00","date_gmt":"2025-11-30T11:30:00","guid":{"rendered":"https:\/\/www.semanariolocal.cl\/?p=32323"},"modified":"2025-11-29T21:41:34","modified_gmt":"2025-11-30T00:41:34","slug":"nada-mejor-que-una-madre-carinosa","status":"publish","type":"post","link":"https:\/\/www.semanariolocal.cl\/?p=32323","title":{"rendered":"Nada mejor que una madre cari\u00f1osa"},"content":{"rendered":"\n<p><strong><mark style=\"background-color:#abb8c3\" class=\"has-inline-color has-white-color\">30 de Noviembre del 2025.- <\/mark><\/strong>Existe un principio en Psicolog\u00eda que se\u00f1ala que los ni\u00f1os bien tratados y que crecen experimentando el afecto de sus madres se desarrollan m\u00e1s sanos f\u00edsica y emocionalmente, y, en promedio, tienden a ser m\u00e1s inteligentes que aquellos que no son tratados con afecto ni cari\u00f1o materno, condici\u00f3n a la que se suma la figura paterna, quien cumple un rol fundamental en el desarrollo del ni\u00f1o. Se habla del <strong>\u201ctri\u00e1ngulo familiar\u201d<\/strong>: hijo, madre y padre.<\/p>\n\n\n\n<p>Este es el punto de partida para el experto en resiliencia, Dr. Jorge Barudy, quien, junto a Maryorie Dantagnan, destacan en su libro <strong>\u201cLos buenos tratos a la infancia: parentalidad, apego y resiliencia\u201d,<\/strong> que la resiliencia es la capacidad que desarrollan aquellos ni\u00f1os que viven en contextos de amor, cari\u00f1o y afecto, y que, en el largo plazo, es el principal factor que les permite superar circunstancias traum\u00e1ticas y enfrentar con \u00e9xito tiempos adversos en cualquier etapa de sus vidas.<\/p>\n\n\n\n<p>El concepto <strong>\u201cresiliencia\u201d<\/strong> fue desarrollado por el Dr. Boris Cyrulnik, psiquiatra de origen franc\u00e9s, y es un concepto que apunta a la capacidad que desarrollan las personas, que les permite enfrentar obst\u00e1culos y situaciones negativas con una actitud positiva y optimista, siendo sujetos capaces de caerse y volverse a levantar, y seguir adelante sin rendirse.<\/p>\n\n\n\n<p>El Dr. Cyrulnik se\u00f1ala que la resiliencia es <strong>\u201cla capacidad del ser humano para reponerse de un trauma y, sin quedar marcado de por vida, ser feliz\u201d<\/strong>. El Dr. Cyrulnik puede hablar con propiedad acerca del concepto: a los seis a\u00f1os presenci\u00f3 c\u00f3mo asesinaban a sus padres en un campo de concentraci\u00f3n de la Alemania Nazi, siendo capaz, luego de escapar de este campo de la muerte y deambular por varios orfelinatos, de convertirse en un hombre de bien.<\/p>\n\n\n\n<p>Lo anterior lleva impl\u00edcito otro elemento a destacar: la resiliencia no es un fen\u00f3meno gen\u00e9tico ni hereditario, sino que es una cualidad que puede ser desarrollada a trav\u00e9s de experiencias relacionales con los adultos \u2013padres, abuelos, guardadores, etc.\u2013 que rodean al infante, en funci\u00f3n de lo cual, todos nosotros podemos ser tutores de la resiliencia de nuestros ni\u00f1os, por cuanto, al demostrar afecto, empat\u00eda, compasi\u00f3n y cari\u00f1o hacia una persona que es v\u00edctima de malos tratos, se le ayudar\u00e1 a evitar que quede pegada en el dolor, en la rabia o en los deseos de venganza en contra de aquellos que le hicieron mal. El Dr. Cyrulnik hace notar, que un ni\u00f1o que ha sido maltratado puede sobrevivir sin traumas <strong>\u201csi no se lo culpabiliza\u201d<\/strong>, es decir, cuando se hace sentir a las v\u00edctimas agredidas de ser ellas mismas las responsables de las agresiones que han sufrido, o bien, cuando se las acusa de ser los <strong>\u201ccausantes\u201d<\/strong> de las desgracias ajenas, como cuando, por ejemplo, un padre (o una madre) le echa en cara a su hijo(a) de ser el <strong>\u201cculpable de haberle echado a perder su vida\u201d<\/strong>.<\/p>\n\n\n\n<p>De ah\u00ed, entonces, la vital importancia que tiene la presencia de una madre cari\u00f1osa y afectuosa en el entorno infantil desde que \u00e9ste nace. Siempre se ha sabido que el afecto materno es imprescindible en los primeros meses de vida de un infante por la estrecha relaci\u00f3n que tiene con el desarrollo del cerebro y de algunas de sus capacidades m\u00e1s relevantes, sean \u00e9stas de tipo intelectual y emocional. Es as\u00ed, por ejemplo, que la corteza frontal de un beb\u00e9 llega a ser muy activa metab\u00f3licamente entre los seis y los 24 meses, y est\u00e1 involucrada en los primeros desarrollos de car\u00e1cter emocional y cognoscitivo, por lo tanto, la falta de est\u00edmulos en esta etapa clave del desarrollo &nbsp;infantil puede&nbsp; influir negativamente en el sistema de los circuitos emocionales.<\/p>\n\n\n\n<p>Hoy se habla de la <strong>\u201cneuroplasticidad del cerebro\u201d<\/strong>, es decir, la capacidad que tiene nuestro cerebro para inducir cambios en cualquier etapa de nuestras vidas. Sin embargo, hay ciertos per\u00edodos en la vida de un beb\u00e9, en los que si no se producen ciertos est\u00edmulos vinculados al amor, afecto y cari\u00f1o de una madre o de un padre afectuoso, se producen una serie de alteraciones, trastornos y p\u00e9rdidas que, posteriormente, se dificulta recuperar o revertir.<\/p>\n\n\n\n<p>Es as\u00ed, por ejemplo, que se produce un fen\u00f3meno llamado <strong>\u201cpoda neuronal\u201d<\/strong>, fen\u00f3meno a trav\u00e9s del cual, el cerebro destruye axones y dendritas cuando ciertas zonas del cerebro no son estimuladas, una condici\u00f3n que, al final de cuentas, es irreversible e irrecuperable.<\/p>\n\n\n\n<p>Algunas habilidades que se desarrollan en per\u00edodos o ventanas cr\u00edticas son, por ejemplo, el lenguaje, la audici\u00f3n y ciertas respuestas emocionales. En el caso espec\u00edfico del lenguaje, luego de pasado un tiempo cr\u00edtico, al cerebro se le dificulta la capacidad de hablar y expresarse de manera adecuada. Aqu\u00ed tenemos el ejemplo de los llamados <strong>\u201cni\u00f1os salvajes\u201d<\/strong>, quienes, al ser criados sin contacto humano, nunca aprenden a hablar con fluidez.<\/p>\n\n\n\n<p>Por lo tanto, cuando tenemos ante nosotros el cerebro de un beb\u00e9 que reci\u00e9n se est\u00e1 desarrollando, hay ciertos aprendizajes que deben ocurrir en ciertas etapas espec\u00edficas del desarrollo y no posteriormente. Esto lo demostr\u00f3 de manera clara e irrebatible el Dr. Ren\u00e9 Spitz al estudiar los efectos ambientales desfavorables en los llamados <strong>\u201cni\u00f1os institucionalizados\u201d<\/strong>, es decir, beb\u00e9s que yac\u00edan en orfanatorios solos y abandonados en sus cunas durante el primer y\/o segundo a\u00f1o de vida, beb\u00e9s que pasaban m\u00e1s de 20 horas al d\u00eda sin nunca ser acunados en unos brazos afectuosos o de alguien que les ofreciera cari\u00f1o y amor, tomando mamaderas fr\u00edas que eran apoyadas, simplemente, sobre sus peque\u00f1os cuerpos y luego eran dejados solos nuevamente. La gran mayor\u00eda de estos beb\u00e9s, presentaban da\u00f1os irreparables, eran incapaces de sentarse por s\u00ed mismos, se mostraban ap\u00e1ticos o se mec\u00edan l\u00e1nguidamente durante horas de un lado a otro, tratando de mitigar el dolor y el tremendo el vac\u00edo de una madre afectuosa ausente.<\/p>\n\n\n\n<p>Hoy se sabe que hay <strong>\u201cventanas de tiempo\u201d<\/strong>, donde, por intermedio de la interacci\u00f3n del sujeto con otras personas se establecen una serie de estructuras emocionales. Pero lo&nbsp; que no saben&nbsp; los investigadores con certeza, es cu\u00e1n receptivas son estas estructuras para efectos de poder ser modificadas m\u00e1s tarde, si las interacciones necesarias no se producen en los momentos apropiados, ya que la madre a trav\u00e9s de su arrullo, mientras mece y acuna al beb\u00e9, &nbsp;mientras lo sostiene, lo alimenta y lo contempla, ayuda a dar forma al cerebro del menor, por intermedio de lo que se denomina <strong>\u201cmoduladores ocultos\u201d<\/strong>, responsables de muchas de nuestras reacciones y conductas.<\/p>\n\n\n\n<p>El apego seguro entre una madre y su hijo, implica los llamados cuidados maternales: entrega incondicional de afecto y cari\u00f1o al reci\u00e9n nacido, protecci\u00f3n del beb\u00e9 ante todo tipo de peligros, estimulaci\u00f3n temprana y continua, satisfacci\u00f3n de las necesidades f\u00edsicas y emocionales del infante, etc., todo lo cual, redundar\u00e1, en definitiva, en la entrega a la sociedad de un ni\u00f1o sano, inteligente y resiliente.<\/p>\n\n\n\n<p><strong>Dr. Franco Lotito C. \u2013 <a href=\"http:\/\/www.aurigaservicios.cl\">www.aurigaservicios.cl<\/a> &#8211; Conferencista, escritor e investigador (PUC)<\/strong><\/p>\n","protected":false},"excerpt":{"rendered":"<p>\u201cLa vida no viene con un manual de instrucciones: viene con una\u2026 mam\u00e1\u201d.<\/p>\n","protected":false},"author":1,"featured_media":32324,"comment_status":"closed","ping_status":"closed","sticky":false,"template":"","format":"standard","meta":{"footnotes":""},"categories":[4396,4161,7,3265],"tags":[2118,337,273,247,133],"class_list":["post-32323","post","type-post","status-publish","format-standard","has-post-thumbnail","hentry","category-especialista","category-familia","category-opinion","category-psicologia","tag-semanariolocal","tag-informacion","tag-noticias","tag-region-de-los-lagos","tag-semanario-local"],"_links":{"self":[{"href":"https:\/\/www.semanariolocal.cl\/index.php?rest_route=\/wp\/v2\/posts\/32323","targetHints":{"allow":["GET"]}}],"collection":[{"href":"https:\/\/www.semanariolocal.cl\/index.php?rest_route=\/wp\/v2\/posts"}],"about":[{"href":"https:\/\/www.semanariolocal.cl\/index.php?rest_route=\/wp\/v2\/types\/post"}],"author":[{"embeddable":true,"href":"https:\/\/www.semanariolocal.cl\/index.php?rest_route=\/wp\/v2\/users\/1"}],"replies":[{"embeddable":true,"href":"https:\/\/www.semanariolocal.cl\/index.php?rest_route=%2Fwp%2Fv2%2Fcomments&post=32323"}],"version-history":[{"count":1,"href":"https:\/\/www.semanariolocal.cl\/index.php?rest_route=\/wp\/v2\/posts\/32323\/revisions"}],"predecessor-version":[{"id":32325,"href":"https:\/\/www.semanariolocal.cl\/index.php?rest_route=\/wp\/v2\/posts\/32323\/revisions\/32325"}],"wp:featuredmedia":[{"embeddable":true,"href":"https:\/\/www.semanariolocal.cl\/index.php?rest_route=\/wp\/v2\/media\/32324"}],"wp:attachment":[{"href":"https:\/\/www.semanariolocal.cl\/index.php?rest_route=%2Fwp%2Fv2%2Fmedia&parent=32323"}],"wp:term":[{"taxonomy":"category","embeddable":true,"href":"https:\/\/www.semanariolocal.cl\/index.php?rest_route=%2Fwp%2Fv2%2Fcategories&post=32323"},{"taxonomy":"post_tag","embeddable":true,"href":"https:\/\/www.semanariolocal.cl\/index.php?rest_route=%2Fwp%2Fv2%2Ftags&post=32323"}],"curies":[{"name":"wp","href":"https:\/\/api.w.org\/{rel}","templated":true}]}}