{"id":3232,"date":"2021-11-25T12:03:15","date_gmt":"2021-11-25T15:03:15","guid":{"rendered":"https:\/\/www.semanariolocal.cl\/?p=3232"},"modified":"2021-11-25T12:03:15","modified_gmt":"2021-11-25T15:03:15","slug":"gobierno-destina-casi-mil-millones-para-mejorar-17-zonas-de-interes-turistico","status":"publish","type":"post","link":"https:\/\/www.semanariolocal.cl\/?p=3232","title":{"rendered":"Gobierno destina casi mil millones para mejorar 17 Zonas de Inter\u00e9s Tur\u00edstico"},"content":{"rendered":"\n<p style=\"font-size:17px\">Tras recibir 48 postulaciones de todo el pa\u00eds para el mejoramiento urbano de Zonas de Inter\u00e9s Tur\u00edstico (ZOIT), la Subsecretar\u00eda de Desarrollo Regional y Administrativo (Subdere), junto con la Subsecretar\u00eda de Turismo, decidieron aumentar de 10 a 17 los ganadores para financiar proyectos en favor del desarrollo y el perfeccionamiento de los territorios, con una inversi\u00f3n total de $984.192.995.<\/p>\n\n\n\n<p style=\"font-size:17px\">De esta forma, los municipios de Pica, Pozo Almonte, Paihuano, Juan Fern\u00e1ndez, Colb\u00fan, Pinto, Cabrero, Contulmo, Curarrehue, Futrono, Palena, Castro, Futaleuf\u00fa, Puerto Varas, Torres del Paine, Natales y Cabo de Hornos se adjudicaron un fondo concursable de entre $30 y $60 millones, con el cual podr\u00e1n financiar proyectos que potenciar\u00e1n al destino para atraer turistas y apoyar la econom\u00eda local.<\/p>\n\n\n\n<p style=\"font-size:17px\"><em>\u201cSin lugar a duda, este es un programa de inversiones con foco en las comunas y sus emprendedores. Mediante la ejecuci\u00f3n de estas iniciativas, en esfuerzo conjunto con la Subsecretar\u00eda de Turismo y cada uno de los municipios ganadores, buscamos incentivar el desarrollo integral de 17 zonas tur\u00edsticas con gran potencial y, de esta manera, apoyar la reactivaci\u00f3n de las econom\u00edas locales que han sido fuertemente afectadas por la pandemia\u201d<\/em>, explic\u00f3 la&nbsp;<strong>subsecretaria de Desarrollo Regional y Administrativo, Mar\u00eda Paz Troncoso<\/strong>.<\/p>\n\n\n\n<p style=\"font-size:17px\">En tanto, el&nbsp;<strong>subsecretario de Turismo, Jos\u00e9 Luis Uriarte<\/strong>, destac\u00f3 que&nbsp;<em>\u201cinvertir en turismo es invertir en las personas y contribuir al desarrollo social y econ\u00f3mico de nuestro pa\u00eds.&nbsp;<a href=\"https:\/\/nts.embluemail.com\/p\/cl?data=jMKBTALv%2BMgGzZ8Ji8AGLqiD2XGTxHo1tfqFtw%2BvxYB%2FMT1HOxG82U3XqKZLgA6HLHWXLFAAV1JdSztLeAXKwp0SFL5BXbMGKCua%2F4zRKkk%3D!-!5b:b!-!%23%3Futm_source=emBlue%26utm_medium=email%26utm_campaign=Nota+de+Prensa%26utm_content=CP+Zoit+Nacional+--Gobierno+destina+casi+mil+millones+para+mejorar+17+Zonas+de+Inter%C3%A9s+Tur%C3%ADstico%26utm_term=multiple--7--none--70-80--ENVIO+SIMPLE\" target=\"_blank\" rel=\"noreferrer noopener\"><\/a>Chile, a lo largo y ancho de su territorio, tiene una enorme vocaci\u00f3n tur\u00edstica que debemos potenciar y el trabajo que se realice desde cada una de las comunas es fundamental para que la actividad tur\u00edstica sea sustentable y representativa de nuestros destinos. Felicito a los proyectos seleccionados, pues sus iniciativas aportar\u00e1n un gran valor a los atractivos tur\u00edsticos que ya poseen\u201d.<\/em><\/p>\n\n\n\n<p style=\"font-size:17px\">Por su parte, la\u00a0<strong>directora nacional de Sernatur, Andrea Wolleter<\/strong>, indic\u00f3 que\u00a0<em>\u201cel mejoramiento de las Zonas de Inter\u00e9s Tur\u00edstico es, sin duda, un tremendo aporte para el desarrollo de una mejor experiencia tur\u00edstica. Los recursos ir\u00e1n adem\u00e1s en directo beneficio de las econom\u00edas locales. Ahora vendr\u00e1 la etapa de arduo trabajo conjunto para lograr sacar adelante esta tarea, con el fin de desarrollar los destinos de los 17 municipios ganadores que han apostado por el turismo\u201d<\/em>.<\/p>\n\n\n\n<p style=\"font-size:17px\"><strong>Parador tur\u00edstico El Puerto Ram\u00edrez en Palena<\/strong><\/p>\n\n\n\n<p style=\"font-size:17px\">Este proyecto consiste en la instalaci\u00f3n de un parador informativo y dos t\u00f3tems de se\u00f1alizaci\u00f3n, para actuar como soporte de informaci\u00f3n tur\u00edstica. Estar\u00e1 ubicado en la localidad de Puerto Ram\u00edrez, sector estrat\u00e9gico que se localiza en la intersecci\u00f3n de los caminos hacia Palena y Futaleuf\u00fa, por tanto, es la puerta de entrada a ambas comunas.<\/p>\n\n\n\n<p style=\"font-size:17px\"><strong>Construcci\u00f3n de Mirador Astillero Sur en Castro<\/strong><\/p>\n\n\n\n<p style=\"font-size:17px\">El proyecto ubicado en la intersecci\u00f3n de la calle Diego Portales con Panamericana Sur, consiste en la construcci\u00f3n de un mirador en el acceso sur de la ciudad \u2014con vista al mar\u2014 como puesta en valor del patrimonio de carpinteros de rivera y palafitos de la ciudad de Castro. La estructura ser\u00e1 de madera, hormig\u00f3n con refuerzos met\u00e1licos y fundaci\u00f3n de hormig\u00f3n armado.<\/p>\n\n\n\n<p style=\"font-size:17px\"><strong>Construcci\u00f3n de Puerto Municipal Lonconao en Futaleuf\u00fa<\/strong><\/p>\n\n\n\n<p style=\"font-size:17px\">Este proyecto busca brindar acceso a uno de los lagos m\u00e1s grandes de la comuna a trav\u00e9s de un muelle con pasarelas amigables con el medio ambiente y accesibles. Adem\u00e1s, incorporar\u00e1 un mirador dotado de se\u00f1al\u00e9ticas referentes a la biodiversidad del sector y una zona de picnic con fogones.<\/p>\n\n\n\n<p style=\"font-size:17px\"><strong>Construcci\u00f3n de ba\u00f1os p\u00fablicos en Plaza C\u00edvica de Ensenada en Puerto Varas<\/strong><\/p>\n\n\n\n<p style=\"font-size:17px\">El proyecto propone construir ba\u00f1os p\u00fablicos para hombres, mujeres, ni\u00f1as y ni\u00f1os, con una superficie total de 44 m2, bajo par\u00e1metros de accesibilidad universal.<\/p>\n","protected":false},"excerpt":{"rendered":"<p>La iniciativa se enmarca en el concurso de Mejoramiento Urbano para ZOIT, que otorg\u00f3 a los municipios ganadores entre $30 y $60 millones para el desarrollo territorial.<\/p>\n","protected":false},"author":1,"featured_media":3233,"comment_status":"closed","ping_status":"closed","sticky":false,"template":"","format":"standard","meta":{"footnotes":""},"categories":[12,9],"tags":[],"class_list":["post-3232","post","type-post","status-publish","format-standard","has-post-thumbnail","hentry","category-economia","category-gobierno"],"_links":{"self":[{"href":"https:\/\/www.semanariolocal.cl\/index.php?rest_route=\/wp\/v2\/posts\/3232","targetHints":{"allow":["GET"]}}],"collection":[{"href":"https:\/\/www.semanariolocal.cl\/index.php?rest_route=\/wp\/v2\/posts"}],"about":[{"href":"https:\/\/www.semanariolocal.cl\/index.php?rest_route=\/wp\/v2\/types\/post"}],"author":[{"embeddable":true,"href":"https:\/\/www.semanariolocal.cl\/index.php?rest_route=\/wp\/v2\/users\/1"}],"replies":[{"embeddable":true,"href":"https:\/\/www.semanariolocal.cl\/index.php?rest_route=%2Fwp%2Fv2%2Fcomments&post=3232"}],"version-history":[{"count":1,"href":"https:\/\/www.semanariolocal.cl\/index.php?rest_route=\/wp\/v2\/posts\/3232\/revisions"}],"predecessor-version":[{"id":3234,"href":"https:\/\/www.semanariolocal.cl\/index.php?rest_route=\/wp\/v2\/posts\/3232\/revisions\/3234"}],"wp:featuredmedia":[{"embeddable":true,"href":"https:\/\/www.semanariolocal.cl\/index.php?rest_route=\/wp\/v2\/media\/3233"}],"wp:attachment":[{"href":"https:\/\/www.semanariolocal.cl\/index.php?rest_route=%2Fwp%2Fv2%2Fmedia&parent=3232"}],"wp:term":[{"taxonomy":"category","embeddable":true,"href":"https:\/\/www.semanariolocal.cl\/index.php?rest_route=%2Fwp%2Fv2%2Fcategories&post=3232"},{"taxonomy":"post_tag","embeddable":true,"href":"https:\/\/www.semanariolocal.cl\/index.php?rest_route=%2Fwp%2Fv2%2Ftags&post=3232"}],"curies":[{"name":"wp","href":"https:\/\/api.w.org\/{rel}","templated":true}]}}