{"id":32319,"date":"2025-11-27T10:26:30","date_gmt":"2025-11-27T13:26:30","guid":{"rendered":"https:\/\/www.semanariolocal.cl\/?p=32319"},"modified":"2025-11-27T10:26:32","modified_gmt":"2025-11-27T13:26:32","slug":"senador-espinoza-cuestiona-presuntas-irregularidades-con-fondos-daem-puerto-montt","status":"publish","type":"post","link":"https:\/\/www.semanariolocal.cl\/?p=32319","title":{"rendered":"Senador Espinoza cuestiona presuntas irregularidades con fondos DAEM Puerto Montt"},"content":{"rendered":"\n<p><strong><mark style=\"background-color:#abb8c3\" class=\"has-inline-color has-white-color\">27 de noviembre, 2025.-<\/mark><\/strong> El senador (PS) Fidel Espinoza, se refiri\u00f3 a las presuntas irregularidades con fondos del DAEM Puerto Montt denunciados por la Unidad Penal del propio municipio, que apuntan a transferencias de recursos de la Subvenci\u00f3n Escolar Preferencial a jardines infantiles que no estaban habilitados legalmente, y a pagos irregulares con recursos de la JUNJI.<\/p>\n\n\n\n<p>\u201cTengo la absoluta tranquilidad de que en mi rol anterior, como diputado, <strong>siempre fiscalic\u00e9 las actuaciones de la Municipalidad de Puerto Montt, independiente haya estado dirigida por un alcalde de mi propio partido<\/strong>. Dan cuenta de eso los m\u00faltiples oficios de fiscalizaci\u00f3n que solicitamos a la Contralor\u00eda General de la Rep\u00fablica y otros organismos del Estado, para que velen por el resguardo de los recursos de todos los puertomontinos y puertomontinas\u201d record\u00f3 el parlamentario.<\/p>\n\n\n\n<p>En relaci\u00f3n a los nuevos antecedentes, el senador expres\u00f3 que \u201ces <strong>vergonzoso e impresentable<\/strong> que hayan m\u00e1s situaciones que den cuenta de los graves hechos al interior del DAEM Puerto Montt, con <strong>un despilfarro inaceptable de miles de millones de pesos destinados a la educaci\u00f3n de los ni\u00f1os m\u00e1s vulnerables de nuestra capital regional<\/strong>. Se ha sabido que hay bienes que no figuran en los inventarios; deudas con la JUNJI por m\u00e1s de $1.800 millones, y que el desorden se ha extendido mucho m\u00e1s all\u00e1 de nuestras denuncias preliminares\u201d.<\/p>\n\n\n\n<p>\u201cEsperamos que la justicia haga su trabajo, porque esto no lo podemos permitir. <strong>La corrupci\u00f3n, venga de donde venga la tenemos combatir<\/strong>, como siempre lo he manifestado, antes como diputado, y hoy como senador\u201d, finaliz\u00f3 el parlamentario por la regi\u00f3n de Los Lagos, y miembro de la comisi\u00f3n de Educaci\u00f3n del Senado.<\/p>\n","protected":false},"excerpt":{"rendered":"<p>El parlamentario espera que \u201cla justicia haga su trabajo\u201d de cara a estos nuevos antecedentes.<\/p>\n","protected":false},"author":1,"featured_media":32320,"comment_status":"closed","ping_status":"closed","sticky":false,"template":"","format":"standard","meta":{"footnotes":""},"categories":[3,4424,11,3816,6,4394],"tags":[2118,337,273,113,247,133,702],"class_list":["post-32319","post","type-post","status-publish","format-standard","has-post-thumbnail","hentry","category-al-dia","category-denuncia","category-educacion","category-partidos-politicos","category-politica","category-puerto-montt","tag-semanariolocal","tag-informacion","tag-noticias","tag-puerto-montt","tag-region-de-los-lagos","tag-semanario-local","tag-senador-fidel-espinoza"],"_links":{"self":[{"href":"https:\/\/www.semanariolocal.cl\/index.php?rest_route=\/wp\/v2\/posts\/32319","targetHints":{"allow":["GET"]}}],"collection":[{"href":"https:\/\/www.semanariolocal.cl\/index.php?rest_route=\/wp\/v2\/posts"}],"about":[{"href":"https:\/\/www.semanariolocal.cl\/index.php?rest_route=\/wp\/v2\/types\/post"}],"author":[{"embeddable":true,"href":"https:\/\/www.semanariolocal.cl\/index.php?rest_route=\/wp\/v2\/users\/1"}],"replies":[{"embeddable":true,"href":"https:\/\/www.semanariolocal.cl\/index.php?rest_route=%2Fwp%2Fv2%2Fcomments&post=32319"}],"version-history":[{"count":1,"href":"https:\/\/www.semanariolocal.cl\/index.php?rest_route=\/wp\/v2\/posts\/32319\/revisions"}],"predecessor-version":[{"id":32321,"href":"https:\/\/www.semanariolocal.cl\/index.php?rest_route=\/wp\/v2\/posts\/32319\/revisions\/32321"}],"wp:featuredmedia":[{"embeddable":true,"href":"https:\/\/www.semanariolocal.cl\/index.php?rest_route=\/wp\/v2\/media\/32320"}],"wp:attachment":[{"href":"https:\/\/www.semanariolocal.cl\/index.php?rest_route=%2Fwp%2Fv2%2Fmedia&parent=32319"}],"wp:term":[{"taxonomy":"category","embeddable":true,"href":"https:\/\/www.semanariolocal.cl\/index.php?rest_route=%2Fwp%2Fv2%2Fcategories&post=32319"},{"taxonomy":"post_tag","embeddable":true,"href":"https:\/\/www.semanariolocal.cl\/index.php?rest_route=%2Fwp%2Fv2%2Ftags&post=32319"}],"curies":[{"name":"wp","href":"https:\/\/api.w.org\/{rel}","templated":true}]}}