{"id":32303,"date":"2025-11-24T10:35:00","date_gmt":"2025-11-24T13:35:00","guid":{"rendered":"https:\/\/www.semanariolocal.cl\/?p=32303"},"modified":"2025-11-26T23:40:28","modified_gmt":"2025-11-27T02:40:28","slug":"consorcio-encabezado-por-uss-impulsara-nuevo-centro-tecnologico-de-economia-circular","status":"publish","type":"post","link":"https:\/\/www.semanariolocal.cl\/?p=32303","title":{"rendered":"Consorcio encabezado por USS impulsar\u00e1 nuevo Centro Tecnol\u00f3gico de Econom\u00eda Circular"},"content":{"rendered":"\n<p><strong><mark style=\"background-color:#abb8c3\" class=\"has-inline-color has-white-color\">24 de noviembre del 2025.-<\/mark><\/strong> Durante la inauguraci\u00f3n del 3\u00b0 Encuentro Conexi\u00f3n Circular Los Lagos, realizado en el Club Gimn\u00e1stico Alem\u00e1n, el Gobernador Regional Alejandro Santana anunci\u00f3 la adjudicaci\u00f3n del nuevo Centro Tecnol\u00f3gico de Econom\u00eda Circular, un hito que marcar\u00e1 un antes y un despu\u00e9s en el desarrollo sostenible del sur de Chile. La iniciativa \u2014impulsada por Corfo y el Gobierno Regional de Los Lagos\u2014 suma una inversi\u00f3n p\u00fablico-privada que supera los $17.609 millones, con aportes de Corfo y el GORE por $9.700 millones y otros $7.909 millones de los adjudicatarios, en el marco del Programa Desarrollo Productivo Sostenible (DPS). El centro ser\u00e1 implementado por un consorcio liderado por la Universidad San Sebasti\u00e1n, que re\u00fane a universidades, centros tecnol\u00f3gicos, gremios y empresas del sur del pa\u00eds.<\/p>\n\n\n\n<p>El anuncio se realiz\u00f3 ante m\u00e1s de un centenar de representantes del sector p\u00fablico, privado, acad\u00e9mico y social. El Gobernador Santana destac\u00f3 que la regi\u00f3n posee una fuerte vocaci\u00f3n productiva ligada a la acuicultura y al sector agropecuario, lo que exige elevar est\u00e1ndares ambientales y apoyar a las industrias que buscan consolidar mercados. \u201cEste ser\u00e1 el primer centro de su tipo en Chile, y desde Los Lagos proyectaremos su impacto al mundo; ya existe inter\u00e9s desde Europa para colaborar. Como Gobierno Regional, estamos comprometidos con una regi\u00f3n m\u00e1s innovadora, m\u00e1s verde y m\u00e1s justa\u201d, se\u00f1al\u00f3.<\/p>\n\n\n\n<p>El Seremi de Econom\u00eda, Luis C\u00e1rdenas, subray\u00f3 que el proyecto responde a la necesidad de avanzar hacia modelos productivos sostenibles, mientras que el director regional de Corfo, Eduardo Arancibia, valor\u00f3 la capacidad del centro para ofrecer I+D, pilotajes, validaci\u00f3n tecnol\u00f3gica y formaci\u00f3n especializada. Desde la academia, el vicerrector de la USS Sede Patagonia, Sergio Hermosilla, afirm\u00f3 que el consorcio asume el desaf\u00edo de poner ciencia, investigaci\u00f3n e infraestructura al servicio del desarrollo sostenible de Los Lagos.<\/p>\n\n\n\n<p>El Centro Tecnol\u00f3gico operar\u00e1 en dos instalaciones f\u00edsicas de la regi\u00f3n: una destinada a las funciones administrativas y comerciales, y otra enfocada en prototipado y escalamiento, junto a la red de laboratorios y capacidades de las instituciones co-ejecutoras. A diez a\u00f1os, el proyecto proyecta apoyar a 180 empresas, capacitar a 1.000 personas en habilidades de circularidad y ejecutar 25 pilotajes tecnol\u00f3gicos en sectores como acuicultura, agroindustria, construcci\u00f3n y turismo.<\/p>\n\n\n\n<p>Este hito posiciona a Los Lagos como referente de la macrozona sur en soluciones de prevenci\u00f3n, reparaci\u00f3n, remanufactura, reutilizaci\u00f3n, reciclaje y gesti\u00f3n de residuos, consolidando a la regi\u00f3n como l\u00edder nacional en innovaci\u00f3n aplicada, sostenibilidad y econom\u00eda circular.<\/p>\n","protected":false},"excerpt":{"rendered":"<p>Gobernador Santana confirma adjudicaci\u00f3n del mayor proyecto de innovaci\u00f3n sostenible del sur de Chile: Consorcio encabezado por la Universidad San Sebasti\u00e1n impulsar\u00e1 el nuevo Centro Tecnol\u00f3gico de Econom\u00eda Circular<\/p>\n","protected":false},"author":1,"featured_media":32304,"comment_status":"closed","ping_status":"closed","sticky":false,"template":"","format":"standard","meta":{"footnotes":""},"categories":[3302,3,2540,2483,4395,2514],"tags":[2118,337,273,247,133,1127,3287],"class_list":["post-32303","post","type-post","status-publish","format-standard","has-post-thumbnail","hentry","category-academia","category-al-dia","category-ciencia","category-region","category-sociedad","category-tecnologia","tag-semanariolocal","tag-informacion","tag-noticias","tag-region-de-los-lagos","tag-semanario-local","tag-universidad-san-sebastian","tag-uss-patagonia"],"_links":{"self":[{"href":"https:\/\/www.semanariolocal.cl\/index.php?rest_route=\/wp\/v2\/posts\/32303","targetHints":{"allow":["GET"]}}],"collection":[{"href":"https:\/\/www.semanariolocal.cl\/index.php?rest_route=\/wp\/v2\/posts"}],"about":[{"href":"https:\/\/www.semanariolocal.cl\/index.php?rest_route=\/wp\/v2\/types\/post"}],"author":[{"embeddable":true,"href":"https:\/\/www.semanariolocal.cl\/index.php?rest_route=\/wp\/v2\/users\/1"}],"replies":[{"embeddable":true,"href":"https:\/\/www.semanariolocal.cl\/index.php?rest_route=%2Fwp%2Fv2%2Fcomments&post=32303"}],"version-history":[{"count":1,"href":"https:\/\/www.semanariolocal.cl\/index.php?rest_route=\/wp\/v2\/posts\/32303\/revisions"}],"predecessor-version":[{"id":32305,"href":"https:\/\/www.semanariolocal.cl\/index.php?rest_route=\/wp\/v2\/posts\/32303\/revisions\/32305"}],"wp:featuredmedia":[{"embeddable":true,"href":"https:\/\/www.semanariolocal.cl\/index.php?rest_route=\/wp\/v2\/media\/32304"}],"wp:attachment":[{"href":"https:\/\/www.semanariolocal.cl\/index.php?rest_route=%2Fwp%2Fv2%2Fmedia&parent=32303"}],"wp:term":[{"taxonomy":"category","embeddable":true,"href":"https:\/\/www.semanariolocal.cl\/index.php?rest_route=%2Fwp%2Fv2%2Fcategories&post=32303"},{"taxonomy":"post_tag","embeddable":true,"href":"https:\/\/www.semanariolocal.cl\/index.php?rest_route=%2Fwp%2Fv2%2Ftags&post=32303"}],"curies":[{"name":"wp","href":"https:\/\/api.w.org\/{rel}","templated":true}]}}