{"id":32297,"date":"2025-11-26T07:55:00","date_gmt":"2025-11-26T10:55:00","guid":{"rendered":"https:\/\/www.semanariolocal.cl\/?p=32297"},"modified":"2025-11-26T23:26:42","modified_gmt":"2025-11-27T02:26:42","slug":"fua-2025-los-chicombo-y-violeta-meier-representaran-a-la-ciudad-en-la-capital-regional","status":"publish","type":"post","link":"https:\/\/www.semanariolocal.cl\/?p=32297","title":{"rendered":"FUA 2025: Los Chicombo y Violeta Meier representar\u00e1n a la ciudad en la capital regional"},"content":{"rendered":"\n<p><strong><mark style=\"background-color:#abb8c3\" class=\"has-inline-color has-white-color\">26 de noviembre del 2025.-<\/mark><\/strong> La m\u00fasica de Osorno tendr\u00e1 un rol protag\u00f3nico el pr\u00f3ximo s\u00e1bado 06 de diciembre en los 15 a\u00f1os de Fiesta Urbana de las Artes que se celebrar\u00e1 en la Plaza Juan Pablo II en Parque Costanera de Puerto Montt.<\/p>\n\n\n\n<p>La banda Los Chicombo y la cantautora Violeta Meier fueron anunciados como parte de la programaci\u00f3n oficial del evento, consolidando la presencia de artistas locales en el carnaval m\u00e1s grande del sur de Chile. &nbsp;<\/p>\n\n\n\n<p>Ambas propuestas viajar\u00e1n hasta Puerto Montt para tocar en el Festival de Bandas Regionales de la FUA 2025. Este a\u00f1o, el evento espera un p\u00fablico de m\u00e1s de 6.000 personas, en una serie de actividades, tales como: un pasacalle de m\u00e1s de 1.000 j\u00f3venes, show de circo, Mercado de las artes con m\u00e1s de 35 emprendimientos y el Festival de Bandas.<\/p>\n\n\n\n<p>Los Chicombo, conocidos por su potente mezcla de cumbias y ritmos bailables, llegar\u00e1n a la capital regional con un show cargado de energ\u00eda y una propuesta que se ha vuelto emblem\u00e1tica en el circuito musical local. Su trayectoria en escenarios comunitarios, festivales y encuentros culturales ha consolidado su identidad como una de las bandas m\u00e1s reconocibles del sur, combinando cercan\u00eda con un sello art\u00edstico propio.<\/p>\n\n\n\n<p>Por su parte, Violeta Meier llevar\u00e1 a la FUA una presentaci\u00f3n \u00edntima y autoral, marcada por influencias del pop y la m\u00fasica popular. Su trabajo, caracterizado por letras honestas y melod\u00edas sensibles, ha ganado atenci\u00f3n en los \u00faltimos a\u00f1os dentro y fuera de Osorno, posicion\u00e1ndola como una voz emergente con proyecci\u00f3n regional.<\/p>\n\n\n\n<p>Su incorporaci\u00f3n refuerza la apuesta territorial de la Fiesta Urbana de las Artes, que en su edici\u00f3n 2025 busca destacar la diversidad creativa del sur y generar espacios donde artistas de distintas ciudades puedan proyectarse hacia nuevas audiencias.<\/p>\n\n\n\n<p><strong><u>Line UP<\/u><\/strong><\/p>\n\n\n\n<p><strong>Primer bloque \u2013 12:00 horas, Plaza Juan Pablo II<\/strong><\/p>\n\n\n\n<p>&#8211;&nbsp;&nbsp;&nbsp;&nbsp;&nbsp;&nbsp;&nbsp;&nbsp;&nbsp; Adelicia (Calbuco)<\/p>\n\n\n\n<p>&#8211;&nbsp;&nbsp;&nbsp;&nbsp;&nbsp;&nbsp;&nbsp;&nbsp;&nbsp;&nbsp;&nbsp; Violeta Meier (Osorno)<\/p>\n\n\n\n<p><strong>Segundo bloque \u2013 16:30 horas<\/strong><\/p>\n\n\n\n<p>&#8211;&nbsp;&nbsp;&nbsp;&nbsp;&nbsp;&nbsp;&nbsp;&nbsp;&nbsp; Acordes del Alma (Puerto Montt)<\/p>\n\n\n\n<p>&#8211;&nbsp;&nbsp;&nbsp;&nbsp;&nbsp;&nbsp;&nbsp;&nbsp;&nbsp; Los Chicombo (Osorno)<\/p>\n","protected":false},"excerpt":{"rendered":"<p>Los artistas fueron confirmados en el line up del festival cultural m\u00e1s importante de la regi\u00f3n, llevando el talento osornino hasta la capital regional en una nueva edici\u00f3n de la Fiesta Urbana de las Artes.<\/p>\n","protected":false},"author":1,"featured_media":32298,"comment_status":"closed","ping_status":"closed","sticky":false,"template":"","format":"standard","meta":{"footnotes":""},"categories":[2691,3913,4378,3807],"tags":[2118,4761,337,273,113,247,133],"class_list":["post-32297","post","type-post","status-publish","format-standard","has-post-thumbnail","hentry","category-arte","category-espectaculos-y-teatro","category-eventos-especiales","category-musica","tag-semanariolocal","tag-fua-2025","tag-informacion","tag-noticias","tag-puerto-montt","tag-region-de-los-lagos","tag-semanario-local"],"_links":{"self":[{"href":"https:\/\/www.semanariolocal.cl\/index.php?rest_route=\/wp\/v2\/posts\/32297","targetHints":{"allow":["GET"]}}],"collection":[{"href":"https:\/\/www.semanariolocal.cl\/index.php?rest_route=\/wp\/v2\/posts"}],"about":[{"href":"https:\/\/www.semanariolocal.cl\/index.php?rest_route=\/wp\/v2\/types\/post"}],"author":[{"embeddable":true,"href":"https:\/\/www.semanariolocal.cl\/index.php?rest_route=\/wp\/v2\/users\/1"}],"replies":[{"embeddable":true,"href":"https:\/\/www.semanariolocal.cl\/index.php?rest_route=%2Fwp%2Fv2%2Fcomments&post=32297"}],"version-history":[{"count":1,"href":"https:\/\/www.semanariolocal.cl\/index.php?rest_route=\/wp\/v2\/posts\/32297\/revisions"}],"predecessor-version":[{"id":32299,"href":"https:\/\/www.semanariolocal.cl\/index.php?rest_route=\/wp\/v2\/posts\/32297\/revisions\/32299"}],"wp:featuredmedia":[{"embeddable":true,"href":"https:\/\/www.semanariolocal.cl\/index.php?rest_route=\/wp\/v2\/media\/32298"}],"wp:attachment":[{"href":"https:\/\/www.semanariolocal.cl\/index.php?rest_route=%2Fwp%2Fv2%2Fmedia&parent=32297"}],"wp:term":[{"taxonomy":"category","embeddable":true,"href":"https:\/\/www.semanariolocal.cl\/index.php?rest_route=%2Fwp%2Fv2%2Fcategories&post=32297"},{"taxonomy":"post_tag","embeddable":true,"href":"https:\/\/www.semanariolocal.cl\/index.php?rest_route=%2Fwp%2Fv2%2Ftags&post=32297"}],"curies":[{"name":"wp","href":"https:\/\/api.w.org\/{rel}","templated":true}]}}