{"id":3229,"date":"2021-11-25T11:37:05","date_gmt":"2021-11-25T14:37:05","guid":{"rendered":"https:\/\/www.semanariolocal.cl\/?p=3229"},"modified":"2021-11-25T11:37:05","modified_gmt":"2021-11-25T14:37:05","slug":"conadi-realiza-fuerte-llamado-a-la-participacion-en-elecciones-de-consejeros-nacionales-indigenas","status":"publish","type":"post","link":"https:\/\/www.semanariolocal.cl\/?p=3229","title":{"rendered":"Conadi realiza fuerte llamado a la participaci\u00f3n en elecciones de Consejeros Nacionales Ind\u00edgenas"},"content":{"rendered":"\n<p style=\"font-size:17px\">Hasta la provincia de Osorno lleg\u00f3 el Seremi de Desarrollo Social y Familia, Manuel Obando Vargas, el Delegado Presidencial Regional, Carlos Geisse y el coordinador zonal sur de la Comisi\u00f3n Nacional de Riego (CNR), Juan Andr\u00e9s Aburto para llevar a cabo la entrega de beneficios por m\u00e1s de 100 millones de pesos entorno al \u201cPrograma de peque\u00f1a agricultura CNR-CONADI Los Lagos\u201d iniciativa que financi\u00f3 obras de tecnificaci\u00f3n de riego, con o sin obras civiles asociadas con derechos de agua inscritos o asociados a sistemas scalls de acuerdo a lo dispuesto en los Art\u00edculos N\u00b010 y\/o N\u00b0 56 del C\u00f3digo de Aguas.<\/p>\n\n\n\n<p style=\"font-size:17px\">Adicionalmente, las autoridades informaron el proceso de elecci\u00f3n de Consejeros Nacionales Ind\u00edgenas ante CONADI, que se realizar\u00e1 el domingo 5 de diciembre, fecha en que unas 250 mil personas ind\u00edgenas pueden concurrir en todo el pa\u00eds para marcar su preferencia y proponer a los 8 nuevos integrantes del Consejo Nacional de CONADI.<\/p>\n\n\n\n<p style=\"font-size:17px\">En este contexto, el Delegado Presidencial Regional, Carlos Geisse&nbsp;hizo un llamado a quienes est\u00e1n habilitados para votar en nuestra regi\u00f3n \u201cqueremos hacer un llamado a las m\u00e1s de 20 mil personas que est\u00e1n habilitadas para votar en la regi\u00f3n de Los Lagos a que participen de este acto que es muy importante, son ocho consejeros nacionales que tiene que ver con las pol\u00edticas y mirada de la organizaci\u00f3n con la ejecuci\u00f3n y el control por lo que la opini\u00f3n de todos es importante. Vinimos a hacer entrega a 12 beneficiarios de las comunas de San Pablo, R\u00edo Negro y Purranque pertenecientes&nbsp; a CONADI quienes fueron beneficiados con recursos por casi 130 millones de pesos para mejorar el tema del agua potable y el agua de riego porque el agua es vital\u201d.<\/p>\n\n\n\n<p style=\"font-size:17px\">Por su parte el Seremi de Desarrollo Social y Familia, Manuel Obando destac\u00f3 \u201cen la provincia de Osorno hacemos un especial llamado a que no pierdan esta oportunidad de poder elegir a las personas que los van a representar en este Consejo a nivel nacional. No se olviden que este Consejo es el que asesora y sigue las pol\u00edticas nacionales para los pueblos originarios. Es muy importante de que la regi\u00f3n tenga una representaci\u00f3n\u201d.<\/p>\n\n\n\n<p style=\"font-size:17px\">El Director Regional de la Conadi, Cristian Soto detall\u00f3 la importancia de la entrega de recursos para las comunidades de la Provincia de Osorno \u201cesto se trata de un convenio que hizo la CONADI el a\u00f1o pasado, donde transferimos cerca de 933 mil millones a la CNR para que bajemos dentro de la l\u00ednea program\u00e1tica de riego y drenaje hacia los distintos territorios, con ideas productivas, hacia el fomento justamente de la peque\u00f1a agricultura familiar ind\u00edgena\u201d.<\/p>\n\n\n\n<p style=\"font-size:17px\">Viviana Romero Coliao de la Comunidad Ind\u00edgena Quilamapu, Hueyusca de Purranque, quien fue beneficiada con recursos de dicho convenio entre CONADI y la Comisi\u00f3n Nacional de Riego coment\u00f3 \u201cAparte de ser agricultora, soy educadora tradicional. Quiero agradecer el beneficio que me llevo, lo voy a ocupar para la instalaci\u00f3n de una plantaci\u00f3n de frutillas, ese es mi sue\u00f1o. Aparte tambi\u00e9n tengo invernadero, ganader\u00eda y horticultura. Esto va a ser m\u00e1s beneficioso para el proyecto que tengo en mi predio\u201d.<\/p>\n\n\n\n<p style=\"font-size:17px\">Juan Andr\u00e9s Aburto, coordinador zonal de la Regi\u00f3n de los R\u00edos y de los Lagos de la Comisi\u00f3n Nacional de Riego se\u00f1al\u00f3 \u201cestamos muy contentos de poder entregar estos primeros 12 proyectos del convenio CNR \u2013 CONADI de la regi\u00f3n de Los Lagos, dado que tenemos proyectado tener 60 m\u00e1s en el segundo concurso, donde nos hemos enfocado en poder dar una prioridad a la gente de peque\u00f1os agricultores con calidad ind\u00edgena, donde sabemos que existe una mayor pobreza, donde existe un rezago de poder progresar. Nosotros queremos, conjuntamente con el convenio, poder darles una oportunidad de progreso, dignificar el trabajo en la agricultura, poder producir alimentos de calidad, poder abastecer de alimento a las ciudades y qu\u00e9 mejor tener un convenio donde ellos pueden percibir alg\u00fan recurso con lo que producen\u201d.<\/p>\n","protected":false},"excerpt":{"rendered":"<p>Hasta la provincia de Osorno lleg\u00f3 el Seremi de Desarrollo Social y Familia, Manuel Obando Vargas, el Delegado Presidencial Regional, Carlos Geisse y el coordinador zonal sur de la Comisi\u00f3n Nacional de Riego (CNR), Juan Andr\u00e9s Aburto para llevar a cabo la entrega de beneficios por m\u00e1s de 100 millones de pesos entorno al \u201cPrograma&#8230;<a class=\"btnReadMore\" href=\"https:\/\/www.semanariolocal.cl\/?p=3229\"> Leer M\u00e1s<\/a><\/p>\n","protected":false},"author":1,"featured_media":3230,"comment_status":"closed","ping_status":"closed","sticky":false,"template":"","format":"standard","meta":{"footnotes":""},"categories":[3,9],"tags":[],"class_list":["post-3229","post","type-post","status-publish","format-standard","has-post-thumbnail","hentry","category-al-dia","category-gobierno"],"_links":{"self":[{"href":"https:\/\/www.semanariolocal.cl\/index.php?rest_route=\/wp\/v2\/posts\/3229","targetHints":{"allow":["GET"]}}],"collection":[{"href":"https:\/\/www.semanariolocal.cl\/index.php?rest_route=\/wp\/v2\/posts"}],"about":[{"href":"https:\/\/www.semanariolocal.cl\/index.php?rest_route=\/wp\/v2\/types\/post"}],"author":[{"embeddable":true,"href":"https:\/\/www.semanariolocal.cl\/index.php?rest_route=\/wp\/v2\/users\/1"}],"replies":[{"embeddable":true,"href":"https:\/\/www.semanariolocal.cl\/index.php?rest_route=%2Fwp%2Fv2%2Fcomments&post=3229"}],"version-history":[{"count":1,"href":"https:\/\/www.semanariolocal.cl\/index.php?rest_route=\/wp\/v2\/posts\/3229\/revisions"}],"predecessor-version":[{"id":3231,"href":"https:\/\/www.semanariolocal.cl\/index.php?rest_route=\/wp\/v2\/posts\/3229\/revisions\/3231"}],"wp:featuredmedia":[{"embeddable":true,"href":"https:\/\/www.semanariolocal.cl\/index.php?rest_route=\/wp\/v2\/media\/3230"}],"wp:attachment":[{"href":"https:\/\/www.semanariolocal.cl\/index.php?rest_route=%2Fwp%2Fv2%2Fmedia&parent=3229"}],"wp:term":[{"taxonomy":"category","embeddable":true,"href":"https:\/\/www.semanariolocal.cl\/index.php?rest_route=%2Fwp%2Fv2%2Fcategories&post=3229"},{"taxonomy":"post_tag","embeddable":true,"href":"https:\/\/www.semanariolocal.cl\/index.php?rest_route=%2Fwp%2Fv2%2Ftags&post=3229"}],"curies":[{"name":"wp","href":"https:\/\/api.w.org\/{rel}","templated":true}]}}